{"id":4343,"date":"2022-08-19T12:41:58","date_gmt":"2022-08-19T12:41:58","guid":{"rendered":"https:\/\/mithra.coffee\/blog\/?p=4343"},"modified":"2022-09-14T06:48:35","modified_gmt":"2022-09-14T06:48:35","slug":"kahve-story-en-havali-kahve-storysi-fikirleri","status":"publish","type":"post","link":"https:\/\/mithra.com.tr\/blog\/kahve-story-en-havali-kahve-storysi-fikirleri\/","title":{"rendered":"Kahve Story &#8211; En Haval\u0131 Kahve Storysi Fikirleri"},"content":{"rendered":"\n<p>Sosyal medya uygulamalar\u0131 her ge\u00e7en g\u00fcn etraf\u0131m\u0131z\u0131 biraz daha sar\u0131yor. \u00d6zelikle Instagram&nbsp;<strong>kahve story<\/strong>&nbsp;fikirleri takip\u00e7ilerimizi etkilemenin yollar\u0131ndan biri olarak kar\u015f\u0131m\u0131za \u00e7\u0131k\u0131yor. K\u0131sacas\u0131 yeni d\u00fcnya d\u00fczeninin getirdi\u011fi dijitalle\u015fmeyi hayat\u0131m\u0131z\u0131n her alan\u0131nda hissediyoruz.<\/p>\n\n\n\n<p>G\u00fcn i\u00e7erisinde hemen hemen hepimiz kahve t\u00fcketiriz. Hatta lezzetli bir kahveyi en haval\u0131 <a href=\"https:\/\/mithra.coffee\/kahve\/\" target=\"_blank\" rel=\"noreferrer noopener\">kahve<\/a> storysi ile tamamlayarak takip\u00e7ilerimizle etkile\u015fim i\u00e7inde kalmak isteriz. Kahve yaln\u0131zca bir i\u00e7ecek de\u011fil, en haval\u0131 story fikirlerinin kayna\u011f\u0131 olarak kar\u015f\u0131m\u0131za \u00e7\u0131k\u0131yor. <\/p>\n\n\n\n<p>Evde, i\u015f yerinde, arkada\u015flar ile sohbette yani nerede olursan\u0131z olun kullanabilece\u011finiz kahve story fikirlerinizi sizin i\u00e7in derledik! E\u011fer siz de story denildi\u011finde akl\u0131na kahve kombinleri gelenlerdenseniz mutlaka yaz\u0131m\u0131z\u0131n devam\u0131na g\u00f6z atmal\u0131s\u0131n\u0131z!<\/p>\n\n\n\n<h2 id=\"hareketli-kahve-storysi-fikirleri\" class=\"wp-block-heading\">Hareketli Kahve Storysi Fikirleri<\/h2>\n\n\n\n<figure class=\"wp-block-image size-large\"><img loading=\"lazy\" decoding=\"async\" width=\"1160\" height=\"653\" src=\"https:\/\/mithra.coffee\/blog\/wp-content\/uploads\/2022\/08\/kahve-story-hareketli-ve-sozlu-fikirler-1160x653.png\" alt=\"kahve-story-hareketli-ve-sozlu-fikirler\" class=\"wp-image-4486\" srcset=\"https:\/\/mithra.com.tr\/blog\/wp-content\/uploads\/2022\/08\/kahve-story-hareketli-ve-sozlu-fikirler-1160x653.png 1160w, https:\/\/mithra.com.tr\/blog\/wp-content\/uploads\/2022\/08\/kahve-story-hareketli-ve-sozlu-fikirler-800x450.png 800w, https:\/\/mithra.com.tr\/blog\/wp-content\/uploads\/2022\/08\/kahve-story-hareketli-ve-sozlu-fikirler-1536x864.png 1536w, https:\/\/mithra.com.tr\/blog\/wp-content\/uploads\/2022\/08\/kahve-story-hareketli-ve-sozlu-fikirler-380x214.png 380w, https:\/\/mithra.com.tr\/blog\/wp-content\/uploads\/2022\/08\/kahve-story-hareketli-ve-sozlu-fikirler.png 1920w\" sizes=\"(max-width: 1160px) 100vw, 1160px\" \/><\/figure>\n\n\n\n<p>Kahve storysi atmay\u0131 \u00e7ok seviyor fakat planlama konusunda nas\u0131l ilerleyece\u011finizi&nbsp; bilmiyorsan\u0131z sizi buraya alal\u0131m. G\u00fcn\u00fc e\u011flenceli ge\u00e7irmek i\u00e7in \u00e7\u0131kt\u0131\u011f\u0131n\u0131z gezintilerinizde size e\u015flik edecek en g\u00fczel hareketli kahve storylerini sizin i\u00e7in ara\u015ft\u0131rd\u0131k.<\/p>\n\n\n\n<p>Hareketli kahve storysi \u00e7ekmeden \u00f6nce;<\/p>\n\n\n\n<ul><li>Nerede ve nas\u0131l bir kahve storysi \u00e7ekmek istiyorsunuz? Evde kahve story, T\u00fcrk kahvesi story, sabah kahvesi story veya gece kahvesi story. Sizin tercihiniz hangisi?<\/li><li>\u0130lk olarak \u00e7ekti\u011finiz foto\u011fraf\u0131n story i\u00e7in uygun olup olmad\u0131\u011f\u0131na dikkat etmelisiniz. \u00c7\u00fcnk\u00fc \u00e7ekilen her foto\u011fraf&nbsp; kahve story fikri i\u00e7in uygun olmayabilir.<\/li><li>Foto\u011fraf yukar\u0131dan geni\u015f a\u00e7\u0131s\u0131 ile \u00e7ekilirse e\u011fer storye daha uygun olacakt\u0131r.<\/li><li>Efektlerde herhangi bir s\u0131k\u0131nt\u0131 ya\u015famak istemiyorsan\u0131z g\u00f6rsel netli\u011fi dikkat etmeli ve foto\u011frafa odaklanmal\u0131s\u0131n\u0131z.<\/li><\/ul>\n\n\n\n<p>\u015eimdi s\u0131ra storylerinizi en renkli hale d\u00f6n\u00fc\u015ft\u00fcrecek olan giflere geldi. &#8220;<strong>Merry.coffee<\/strong> ve <strong>cafezim<\/strong>&#8221; kelimelerini Instagram gif arama alan\u0131na yazarak hikayeniz i\u00e7in en uygun gifi se\u00e7ebilirsiniz. Yine Instagram&#8217;da foto\u011fraf payla\u015f\u0131rken arama k\u0131sm\u0131na coffe time yazarak g\u00f6rselinize en uygun gifi bulabilirsiniz.<\/p>\n\n\n\n<p>Siz de bu bilgilerden faydalanarak be\u011fenilerinizi art\u0131rabilir ve pintirest kahve story k\u0131vam\u0131nda g\u00f6rsellere imza atabilirsiniz.<\/p>\n\n\n\n<h3 id=\"hareketli-kahve-efekti-nasil-kullanilir\" class=\"wp-block-heading\">Hareketli Kahve Efekti Nas\u0131l Kullan\u0131l\u0131r?<\/h3>\n\n\n\n<p>E\u011fer m\u00fckemmel bir foto\u011fraf \u00e7ektim \u015fimdi nas\u0131l storye uygun hale getirebilirim diye soruyorsan\u0131z bu \u00f6nerilerimiz size geliyor.&nbsp; Payla\u015f\u0131m yapmadan \u00f6nce dikkat etmeniz gereken t\u00fcm a\u015famalar\u0131 haval\u0131 storyleriniz i\u00e7in derledik!<\/p>\n\n\n\n<p>Kahve efektlerini kullanmak en az di\u011fer efektleri kullanmak kadar kolay. Sadece yapman\u0131z gereken \u015fey do\u011fru kompozisyonu olu\u015fturmak. Yani do\u011fru g\u00f6rsel, g\u00f6rsele uygun gif ve yaz\u0131 ile istedi\u011finiz gibi kahve storysine sahip olabilirsiniz.<\/p>\n\n\n\n<ul><li>Yapman\u0131z gereken ilk \u015fey kahve fincan\u0131 yukar\u0131dan \u00e7ekmek ve fincanlar\u0131n yuvarlak g\u00f6r\u00fcnd\u00fc\u011f\u00fcne emin olmakt\u0131r. Aksi takdirde efektler kahve fincan\u0131n\u0131za uygun olmayacakt\u0131r.<\/li><li>Kahve fincan\u0131n\u0131z\u0131 se\u00e7in, daha sonra arama k\u0131sm\u0131na gelerek kahve efekti i\u00e7in d\u00fczenlenmi\u015f gifleri aray\u0131n .\u00d6rne\u011fin,\u00a0 merry.coffee, curlysmurfette Coffee gibi.<\/li><li>Gifinize karar verdikten sonra efekti alarak kahve fincan\u0131n\u0131n \u00fczerine oturtman\u0131z gerekiyor. Efekti kahve fincan\u0131n\u0131za g\u00f6re (b\u00fcy\u00fck-k\u00fc\u00e7\u00fck) \u015fekillendirebilirsiniz.<\/li><li>Sonra\u00a0 postunuzu daha da g\u00fczelle\u015ftirmek ad\u0131na kahve story s\u00f6zleri, emoji vs. ekleyebilirsiniz.<\/li><\/ul>\n\n\n\n<p>O halde gelsin be\u011feni, yorum ve payla\u015f\u0131mlar&#8230;<\/p>\n\n\n\n<h3 id=\"kahve-story-sozleri\" class=\"wp-block-heading\">Kahve Story S\u00f6zleri<\/h3>\n\n\n\n<p>Etkili ileti\u015fim i\u00e7in en \u00f6nemli olan detaylardan biri de hi\u00e7 \u015f\u00fcphesiz kelimelerdir. Kelimeler, kullan\u0131ld\u0131\u011f\u0131 her platformda dikkat edilmesi gereken ve etkile\u015fim oran\u0131n\u0131 art\u0131ran ince detaylardan biridir. G\u00fcn\u00fcm\u00fczde kelimelerin g\u00fcc\u00fcne ve i\u00e7eri\u011fe gerekli \u00f6nem verilmese de biliyoruz ki &#8220;i\u00e7erik krald\u0131r.&#8221; Bundan dolay\u0131 kahve storysine eklenecek s\u00f6zlere, se\u00e7ti\u011finiz kelimelere gerekli \u00f6nemi vermelisiniz.<\/p>\n\n\n\n<p>Kahve storyi s\u00f6z\u00fc se\u00e7ti\u011finiz kahveye ve konsepte g\u00f6re de\u011fi\u015fiklik g\u00f6sterecektir. \u00d6rne\u011fin T\u00fcrk kahvesi storysi i\u00e7in 40 y\u0131ll\u0131k hat\u0131rdan, \u015fiirlerden yola \u00e7\u0131karken. Sabah kahvesi i\u00e7in filtre kahve \u00f6zelliklerinden yola \u00e7\u0131kan s\u00f6zler tercih edebilirsiniz.<\/p>\n\n\n\n<h2 id=\"sabah-kahvesi-story-fikirleri\" class=\"wp-block-heading\">Sabah Kahvesi Story Fikirleri<\/h2>\n\n\n\n<figure class=\"wp-block-image size-full\"><img loading=\"lazy\" decoding=\"async\" width=\"1024\" height=\"600\" src=\"https:\/\/mithra.coffee\/blog\/wp-content\/uploads\/2020\/12\/sert-icimli-filtre-kahve-ozellikleri.jpg\" alt=\"sert-icimli-filtre-kahve-ozellikleri\" class=\"wp-image-2068\" srcset=\"https:\/\/mithra.com.tr\/blog\/wp-content\/uploads\/2020\/12\/sert-icimli-filtre-kahve-ozellikleri.jpg 1024w, https:\/\/mithra.com.tr\/blog\/wp-content\/uploads\/2020\/12\/sert-icimli-filtre-kahve-ozellikleri-800x469.jpg 800w, https:\/\/mithra.com.tr\/blog\/wp-content\/uploads\/2020\/12\/sert-icimli-filtre-kahve-ozellikleri-380x223.jpg 380w\" sizes=\"(max-width: 1024px) 100vw, 1024px\" \/><\/figure>\n\n\n\n<p>Instagram kahve storylerinin vazge\u00e7ilmezinden biri sabah kahve storyleridir. G\u00fcne g\u00fczel bir merhaba demenin, uykumuzu a\u00e7man\u0131n ve tabii ki sosyal medyada aktif olman\u0131n yollar\u0131ndan biri kahve storyleridir. Lezzetli bir kahveye e\u015flik edecek birka\u00e7 k\u00fc\u00e7\u00fck dokunu\u015f ile kahve storylerini g\u00f6rsel \u015f\u00f6lene \u00e7evirebilirsiniz.<\/p>\n\n\n\n<p>E\u011fer foto\u011fraf\u0131n\u0131z sabah \u00e7ekilen bir kahve ise g\u00fcn \u0131\u015f\u0131\u011f\u0131 en g\u00fczel aksesuar\u0131n\u0131z olacakt\u0131r. Etraftan g\u00f6rsele s\u0131zan g\u00fcn \u0131\u015f\u0131\u011f\u0131 ve yaratt\u0131\u011f\u0131 estetik g\u00f6lge ile m\u00fckemmel bir kahve storysi \u00e7ekebilirsiniz.<\/p>\n\n\n\n<p>Kitaplar, sadece kahve storylerinin de\u011fil, pek \u00e7ok payla\u015f\u0131m\u0131n yard\u0131mc\u0131s\u0131d\u0131r. Kahve g\u00f6rsellerini&nbsp; kitap, not defteri, kalemden olu\u015fan bir kompozisyon ile tamamlayabilirsiniz. \u00c7ok s\u0131radan bir fikir diye d\u00fc\u015f\u00fcn\u00fcyor olabilirsiniz fakat, yenilik\u00e7i olmak biraz da bak\u0131\u015f a\u00e7\u0131s\u0131 ile m\u00fcmk\u00fcnd\u00fcr. Yani klasik olan \u015feyleri orijinal fikirlere d\u00f6n\u00fc\u015ft\u00fcrebilirsiniz. Kitaplar ise yard\u0131mc\u0131 oyuncu olarak sizlere destek olacakt\u0131r!<\/p>\n\n\n\n<h3 id=\"turk-kahvesi-story-fikirleri\" class=\"wp-block-heading\">T\u00fcrk Kahvesi Story Fikirleri<\/h3>\n\n\n\n<figure class=\"wp-block-image size-full\"><img loading=\"lazy\" decoding=\"async\" width=\"1024\" height=\"600\" src=\"https:\/\/mithra.coffee\/blog\/wp-content\/uploads\/2021\/02\/en-lezzetli-turk-kahvesi-markalari.jpg\" alt=\"turk-kahvesi-tarifi-mithra\" class=\"wp-image-2586\" srcset=\"https:\/\/mithra.com.tr\/blog\/wp-content\/uploads\/2021\/02\/en-lezzetli-turk-kahvesi-markalari.jpg 1024w, https:\/\/mithra.com.tr\/blog\/wp-content\/uploads\/2021\/02\/en-lezzetli-turk-kahvesi-markalari-800x469.jpg 800w, https:\/\/mithra.com.tr\/blog\/wp-content\/uploads\/2021\/02\/en-lezzetli-turk-kahvesi-markalari-380x223.jpg 380w\" sizes=\"(max-width: 1024px) 100vw, 1024px\" \/><\/figure>\n\n\n\n<p>Herhalde aram\u0131zda T\u00fcrk kahvesi ile story atmayan kimse yoktur. \u00d6zellikle manzaraya kar\u015f\u0131 \u00e7ekilen T\u00fcrk kahvesi g\u00f6rselleri ile en \u00f6zel kareleri kolayca yakalayabiliriz. Peki, en g\u00fczel T\u00fcrk kahvesi story fikirleri nelerdir?<\/p>\n\n\n\n<ul><li>Nostaljik veya vintage efektlerden yard\u0131m alarak g\u00fczel bir story \u00e7ekebilirsiniz. \u00c7\u00fcnk\u00fc T\u00fcrk kahvesine k\u00f6kl\u00fc ge\u00e7mi\u015fi ile en \u00e7ok nostaljik efektler yak\u0131\u015fmaktad\u0131r.<\/li><li>Kelimelerin g\u00fcc\u00fcnden faydalanarak \u00f6zel bir yaz\u0131 ekleyebilir veya Instagram&#8217;\u0131n haz\u0131r yaz\u0131 efektleri ile orijinal bir tasar\u0131m yakalayabilirsiniz.<\/li><li>\u00c7i\u00e7ekler, kediler veya di\u011fer hayvan dostlar\u0131m\u0131z storyleri renklendiren en g\u00fczel detaylardan biridir. Dilerseniz onlardan da ilham alabilirsiniz.<\/li><li>\u00d6zel bir k\u00f6\u015fe tasarlayarak kahve aksesuarlar\u0131ndan, foto\u011fraf \u00e7er\u00e7evelerinden, bilgisayar veya herhangi bir detaydan faydalanarak da g\u00fczel bir story olu\u015fturabilirsiniz.<\/li><\/ul>\n\n\n\n<p>S\u0131kl\u0131kla t\u00fcketti\u011fimiz kahvelerden biri olan T\u00fcrk kahvesi, tad\u0131 ve ge\u00e7mi\u015fi ile foto\u011fraflar\u0131m\u0131za ilham veren en \u00f6zel ara\u00e7lardan biridir. Pek \u00e7ok d\u00fc\u015f\u00fcnceden yolla \u00e7\u0131karak&nbsp; T\u00fcrk kahvesi story hikayenizi olu\u015fturabilirsiniz.<\/p>\n\n\n\n<h3 id=\"filtre-kahve-story-fikirleri\" class=\"wp-block-heading\">&nbsp;Filtre Kahve Story Fikirleri<\/h3>\n\n\n\n<figure class=\"wp-block-image size-full\"><img loading=\"lazy\" decoding=\"async\" width=\"1024\" height=\"600\" src=\"https:\/\/mithra.coffee\/blog\/wp-content\/uploads\/2020\/12\/mithra-coffee-ile-en-lezzetli-sutlu-filtre-kahveyi-hazirlayin.jpg\" alt=\"mithra-coffee-ile-en-lezzetli-sutlu-filtre-kahveyi-hazirlayin\" class=\"wp-image-2076\" srcset=\"https:\/\/mithra.com.tr\/blog\/wp-content\/uploads\/2020\/12\/mithra-coffee-ile-en-lezzetli-sutlu-filtre-kahveyi-hazirlayin.jpg 1024w, https:\/\/mithra.com.tr\/blog\/wp-content\/uploads\/2020\/12\/mithra-coffee-ile-en-lezzetli-sutlu-filtre-kahveyi-hazirlayin-800x469.jpg 800w, https:\/\/mithra.com.tr\/blog\/wp-content\/uploads\/2020\/12\/mithra-coffee-ile-en-lezzetli-sutlu-filtre-kahveyi-hazirlayin-380x223.jpg 380w\" sizes=\"(max-width: 1024px) 100vw, 1024px\" \/><\/figure>\n\n\n\n<p>Sert bir g\u00fcnayd\u0131n i\u00e7in arad\u0131\u011f\u0131m\u0131z i\u00e7eklerden biri de filtre kahvedir. Bir\u00e7ok ama\u00e7 ile t\u00fcketilen fitre kahveyi&nbsp; storylerimizde nas\u0131l kullanabiliriz?<\/p>\n\n\n\n<ul><li>Yak\u0131n plandan \u00e7ekilmi\u015f canl\u0131 bir foto\u011fraf karesi,<\/li><li>Kahve ekipmanlar\u0131n\u0131n yard\u0131m\u0131 ile \u00e7ekilen g\u00f6rseller,<\/li><li>Filtre kahveye eklenen buz, s\u00fct gibi detaylardan faydalanarak renklendirilen kareler,<\/li><li>Kahve yan\u0131na eklenen; \u00e7ikolata, bilgisayar, gazete, dergi, g\u00f6zl\u00fck, yak\u0131 gibi ara\u00e7lar,<\/li><li>G\u00fcn \u0131\u015f\u0131\u011f\u0131, g\u00fcn bat\u0131m\u0131, g\u00f6ky\u00fcz\u00fc, gibi do\u011fal arka planlar filtre kahve story fikirlerinizin ilham\u0131 olabilir.<\/li><\/ul>\n\n\n\n<p>Ayr\u0131ca story kahve fikirleri i\u00e7in Muhiku&#8217;dan da yard\u0131m alabilirsiniz. Foto\u011fraflar\u0131n\u0131za dekor olacak \u00f6zel tasar\u0131m kupalar, lezzetli kahveler, foto\u011fraf bask\u0131 ve \u00e7er\u00e7eveler k\u0131sacas\u0131 arad\u0131n\u0131z pek \u00e7ok aksesuara buradan sahip olabilirsiniz. <\/p>\n\n\n\n<p>G\u00fcn\u00fcn en g\u00fczel kahvesine e\u015flik edecek kupalar, g\u00f6rsellerinize ilham olacak aksesuarlar Muhiku&#8217;nun yenilik\u00e7i fikirleri ile bulu\u015fuyor. Kahve storysi haz\u0131rlarken bu detaylardan faydalanmay\u0131 unutmay\u0131n deriz!<\/p>\n","protected":false},"excerpt":{"rendered":"Sosyal medya uygulamalar\u0131 her ge\u00e7en g\u00fcn etraf\u0131m\u0131z\u0131 biraz daha sar\u0131yor. \u00d6zelikle Instagram&nbsp;kahve story&nbsp;fikirleri takip\u00e7ilerimizi etkilemenin yollar\u0131ndan biri olarak&hellip;\n","protected":false},"author":7,"featured_media":4344,"comment_status":"open","ping_status":"open","sticky":false,"template":"","format":"standard","meta":{"footnotes":""},"categories":[12],"tags":[],"yoast_head":"<!-- This site is optimized with the Yoast SEO plugin v22.5 - https:\/\/yoast.com\/wordpress\/plugins\/seo\/ -->\n<title>Kahve Story - En Haval\u0131 Kahve Storysi Fikirleri - Mithra Coffee &amp; Tea Co.<\/title>\n<meta name=\"description\" content=\"\u0130\u00e7ti\u011finiz bir fincan kahve story ile sosyal medyan\u0131za renk kats\u0131n ister misiniz? O halde haval\u0131 kahve storysi fikirleri i\u00e7in t\u0131klay\u0131n!\" \/>\n<meta name=\"robots\" content=\"index, follow, max-snippet:-1, max-image-preview:large, max-video-preview:-1\" \/>\n<link rel=\"canonical\" href=\"https:\/\/mithra.com.tr\/blog\/kahve-story-en-havali-kahve-storysi-fikirleri\/\" \/>\n<meta property=\"og:locale\" content=\"tr_TR\" \/>\n<meta property=\"og:type\" content=\"article\" \/>\n<meta property=\"og:title\" content=\"Kahve Story - En Haval\u0131 Kahve Storysi Fikirleri - Mithra Coffee &amp; Tea Co.\" \/>\n<meta property=\"og:description\" content=\"\u0130\u00e7ti\u011finiz bir fincan kahve story ile sosyal medyan\u0131za renk kats\u0131n ister misiniz? O halde haval\u0131 kahve storysi fikirleri i\u00e7in t\u0131klay\u0131n!\" \/>\n<meta property=\"og:url\" content=\"https:\/\/mithra.com.tr\/blog\/kahve-story-en-havali-kahve-storysi-fikirleri\/\" \/>\n<meta property=\"og:site_name\" content=\"Mithra Coffee &amp; Tea Co.\" \/>\n<meta property=\"article:published_time\" content=\"2022-08-19T12:41:58+00:00\" \/>\n<meta property=\"article:modified_time\" content=\"2022-09-14T06:48:35+00:00\" \/>\n<meta property=\"og:image\" content=\"https:\/\/mithra.com.tr\/blog\/wp-content\/uploads\/2022\/07\/kahve-story-en-havali-kahve-storysi-fikirleri.jpg\" \/>\n\t<meta property=\"og:image:width\" content=\"1024\" \/>\n\t<meta property=\"og:image:height\" content=\"600\" \/>\n\t<meta property=\"og:image:type\" content=\"image\/jpeg\" \/>\n<meta name=\"author\" content=\"\u00c7a\u011fla Koptekin\" \/>\n<meta name=\"twitter:card\" content=\"summary_large_image\" \/>\n<meta name=\"twitter:label1\" content=\"Yazan:\" \/>\n\t<meta name=\"twitter:data1\" content=\"\u00c7a\u011fla Koptekin\" \/>\n\t<meta name=\"twitter:label2\" content=\"Tahmini okuma s\u00fcresi\" \/>\n\t<meta name=\"twitter:data2\" content=\"7 dakika\" \/>\n<script type=\"application\/ld+json\" class=\"yoast-schema-graph\">{\"@context\":\"https:\/\/schema.org\",\"@graph\":[{\"@type\":\"Article\",\"@id\":\"https:\/\/mithra.com.tr\/blog\/kahve-story-en-havali-kahve-storysi-fikirleri\/#article\",\"isPartOf\":{\"@id\":\"https:\/\/mithra.com.tr\/blog\/kahve-story-en-havali-kahve-storysi-fikirleri\/\"},\"author\":{\"name\":\"\u00c7a\u011fla Koptekin\",\"@id\":\"https:\/\/mithra.com.tr\/blog\/#\/schema\/person\/0725f4d9e013d552860b4e8e285fb66f\",\"url\":\"https:\/\/muhiku.com\/blog\/\"},\"headline\":\"Kahve Story &#8211; En Haval\u0131 Kahve Storysi Fikirleri\",\"datePublished\":\"2022-08-19T12:41:58+00:00\",\"dateModified\":\"2022-09-14T06:48:35+00:00\",\"mainEntityOfPage\":{\"@id\":\"https:\/\/mithra.com.tr\/blog\/kahve-story-en-havali-kahve-storysi-fikirleri\/\"},\"wordCount\":1219,\"commentCount\":0,\"publisher\":{\"@id\":\"https:\/\/mithra.com.tr\/blog\/#organization\"},\"image\":{\"@id\":\"https:\/\/mithra.com.tr\/blog\/kahve-story-en-havali-kahve-storysi-fikirleri\/#primaryimage\"},\"thumbnailUrl\":\"https:\/\/mithra.com.tr\/blog\/wp-content\/uploads\/2022\/07\/kahve-story-en-havali-kahve-storysi-fikirleri.jpg\",\"articleSection\":[\"Kahve\"],\"inLanguage\":\"tr\",\"potentialAction\":[{\"@type\":\"CommentAction\",\"name\":\"Comment\",\"target\":[\"https:\/\/mithra.com.tr\/blog\/kahve-story-en-havali-kahve-storysi-fikirleri\/#respond\"]}]},{\"@type\":\"WebPage\",\"@id\":\"https:\/\/mithra.com.tr\/blog\/kahve-story-en-havali-kahve-storysi-fikirleri\/\",\"url\":\"https:\/\/mithra.com.tr\/blog\/kahve-story-en-havali-kahve-storysi-fikirleri\/\",\"name\":\"Kahve Story - En Haval\u0131 Kahve Storysi Fikirleri - Mithra Coffee &amp; Tea Co.\",\"isPartOf\":{\"@id\":\"https:\/\/mithra.com.tr\/blog\/#website\"},\"primaryImageOfPage\":{\"@id\":\"https:\/\/mithra.com.tr\/blog\/kahve-story-en-havali-kahve-storysi-fikirleri\/#primaryimage\"},\"image\":{\"@id\":\"https:\/\/mithra.com.tr\/blog\/kahve-story-en-havali-kahve-storysi-fikirleri\/#primaryimage\"},\"thumbnailUrl\":\"https:\/\/mithra.com.tr\/blog\/wp-content\/uploads\/2022\/07\/kahve-story-en-havali-kahve-storysi-fikirleri.jpg\",\"datePublished\":\"2022-08-19T12:41:58+00:00\",\"dateModified\":\"2022-09-14T06:48:35+00:00\",\"description\":\"\u0130\u00e7ti\u011finiz bir fincan kahve story ile sosyal medyan\u0131za renk kats\u0131n ister misiniz? O halde haval\u0131 kahve storysi fikirleri i\u00e7in t\u0131klay\u0131n!\",\"inLanguage\":\"tr\",\"potentialAction\":[{\"@type\":\"ReadAction\",\"target\":[\"https:\/\/mithra.com.tr\/blog\/kahve-story-en-havali-kahve-storysi-fikirleri\/\"]}]},{\"@type\":\"ImageObject\",\"inLanguage\":\"tr\",\"@id\":\"https:\/\/mithra.com.tr\/blog\/kahve-story-en-havali-kahve-storysi-fikirleri\/#primaryimage\",\"url\":\"https:\/\/mithra.com.tr\/blog\/wp-content\/uploads\/2022\/07\/kahve-story-en-havali-kahve-storysi-fikirleri.jpg\",\"contentUrl\":\"https:\/\/mithra.com.tr\/blog\/wp-content\/uploads\/2022\/07\/kahve-story-en-havali-kahve-storysi-fikirleri.jpg\",\"width\":1024,\"height\":600,\"caption\":\"kahve-story-en-havali-kahve-storysi-fikirleri\"},{\"@type\":\"WebSite\",\"@id\":\"https:\/\/mithra.com.tr\/blog\/#website\",\"url\":\"https:\/\/mithra.com.tr\/blog\/\",\"name\":\"Mithra Coffee &amp; Tea Co.\",\"description\":\"Zengin aromal\u0131 egzotik kahveler \u00e7iftlikten kap\u0131n\u0131za!\",\"publisher\":{\"@id\":\"https:\/\/mithra.com.tr\/blog\/#organization\"},\"inLanguage\":\"tr\"},{\"@type\":\"Organization\",\"@id\":\"https:\/\/mithra.com.tr\/blog\/#organization\",\"name\":\"Mithra Coffee &amp; Tea Co.\",\"url\":\"https:\/\/mithra.com.tr\/blog\/\",\"logo\":{\"@type\":\"ImageObject\",\"inLanguage\":\"tr\",\"@id\":\"https:\/\/mithra.com.tr\/blog\/#\/schema\/logo\/image\/\",\"url\":\"https:\/\/mithra.coffee\/blog\/wp-content\/uploads\/2020\/08\/mithra-logo-kare.png\",\"contentUrl\":\"https:\/\/mithra.coffee\/blog\/wp-content\/uploads\/2020\/08\/mithra-logo-kare.png\",\"width\":632,\"height\":632,\"caption\":\"Mithra Coffee &amp; Tea Co.\"},\"image\":{\"@id\":\"https:\/\/mithra.com.tr\/blog\/#\/schema\/logo\/image\/\"}},{\"@type\":\"Person\",\"@id\":\"https:\/\/mithra.com.tr\/blog\/#\/schema\/person\/0725f4d9e013d552860b4e8e285fb66f\",\"name\":\"\u00c7a\u011fla Koptekin\",\"image\":{\"@type\":\"ImageObject\",\"inLanguage\":\"tr\",\"@id\":\"https:\/\/mithra.com.tr\/blog\/#\/schema\/person\/image\/\",\"url\":\"https:\/\/secure.gravatar.com\/avatar\/d8b9a8a0b5b92010be0f6bb136870ddd?s=96&d=mm&r=g\",\"contentUrl\":\"https:\/\/secure.gravatar.com\/avatar\/d8b9a8a0b5b92010be0f6bb136870ddd?s=96&d=mm&r=g\",\"caption\":\"\u00c7a\u011fla Koptekin\"}}]}<\/script>\n<!-- \/ Yoast SEO plugin. -->","yoast_head_json":{"title":"Kahve Story - En Haval\u0131 Kahve Storysi Fikirleri - Mithra Coffee &amp; Tea Co.","description":"\u0130\u00e7ti\u011finiz bir fincan kahve story ile sosyal medyan\u0131za renk kats\u0131n ister misiniz? O halde haval\u0131 kahve storysi fikirleri i\u00e7in t\u0131klay\u0131n!","robots":{"index":"index","follow":"follow","max-snippet":"max-snippet:-1","max-image-preview":"max-image-preview:large","max-video-preview":"max-video-preview:-1"},"canonical":"https:\/\/mithra.com.tr\/blog\/kahve-story-en-havali-kahve-storysi-fikirleri\/","og_locale":"tr_TR","og_type":"article","og_title":"Kahve Story - En Haval\u0131 Kahve Storysi Fikirleri - Mithra Coffee &amp; Tea Co.","og_description":"\u0130\u00e7ti\u011finiz bir fincan kahve story ile sosyal medyan\u0131za renk kats\u0131n ister misiniz? O halde haval\u0131 kahve storysi fikirleri i\u00e7in t\u0131klay\u0131n!","og_url":"https:\/\/mithra.com.tr\/blog\/kahve-story-en-havali-kahve-storysi-fikirleri\/","og_site_name":"Mithra Coffee &amp; Tea Co.","article_published_time":"2022-08-19T12:41:58+00:00","article_modified_time":"2022-09-14T06:48:35+00:00","og_image":[{"width":1024,"height":600,"url":"https:\/\/mithra.com.tr\/blog\/wp-content\/uploads\/2022\/07\/kahve-story-en-havali-kahve-storysi-fikirleri.jpg","type":"image\/jpeg"}],"author":"\u00c7a\u011fla Koptekin","twitter_card":"summary_large_image","twitter_misc":{"Yazan:":"\u00c7a\u011fla Koptekin","Tahmini okuma s\u00fcresi":"7 dakika"},"schema":{"@context":"https:\/\/schema.org","@graph":[{"@type":"Article","@id":"https:\/\/mithra.com.tr\/blog\/kahve-story-en-havali-kahve-storysi-fikirleri\/#article","isPartOf":{"@id":"https:\/\/mithra.com.tr\/blog\/kahve-story-en-havali-kahve-storysi-fikirleri\/"},"author":{"name":"\u00c7a\u011fla Koptekin","@id":"https:\/\/mithra.com.tr\/blog\/#\/schema\/person\/0725f4d9e013d552860b4e8e285fb66f","url":"https:\/\/muhiku.com\/blog\/"},"headline":"Kahve Story &#8211; En Haval\u0131 Kahve Storysi Fikirleri","datePublished":"2022-08-19T12:41:58+00:00","dateModified":"2022-09-14T06:48:35+00:00","mainEntityOfPage":{"@id":"https:\/\/mithra.com.tr\/blog\/kahve-story-en-havali-kahve-storysi-fikirleri\/"},"wordCount":1219,"commentCount":0,"publisher":{"@id":"https:\/\/mithra.com.tr\/blog\/#organization"},"image":{"@id":"https:\/\/mithra.com.tr\/blog\/kahve-story-en-havali-kahve-storysi-fikirleri\/#primaryimage"},"thumbnailUrl":"https:\/\/mithra.com.tr\/blog\/wp-content\/uploads\/2022\/07\/kahve-story-en-havali-kahve-storysi-fikirleri.jpg","articleSection":["Kahve"],"inLanguage":"tr","potentialAction":[{"@type":"CommentAction","name":"Comment","target":["https:\/\/mithra.com.tr\/blog\/kahve-story-en-havali-kahve-storysi-fikirleri\/#respond"]}]},{"@type":"WebPage","@id":"https:\/\/mithra.com.tr\/blog\/kahve-story-en-havali-kahve-storysi-fikirleri\/","url":"https:\/\/mithra.com.tr\/blog\/kahve-story-en-havali-kahve-storysi-fikirleri\/","name":"Kahve Story - En Haval\u0131 Kahve Storysi Fikirleri - Mithra Coffee &amp; Tea Co.","isPartOf":{"@id":"https:\/\/mithra.com.tr\/blog\/#website"},"primaryImageOfPage":{"@id":"https:\/\/mithra.com.tr\/blog\/kahve-story-en-havali-kahve-storysi-fikirleri\/#primaryimage"},"image":{"@id":"https:\/\/mithra.com.tr\/blog\/kahve-story-en-havali-kahve-storysi-fikirleri\/#primaryimage"},"thumbnailUrl":"https:\/\/mithra.com.tr\/blog\/wp-content\/uploads\/2022\/07\/kahve-story-en-havali-kahve-storysi-fikirleri.jpg","datePublished":"2022-08-19T12:41:58+00:00","dateModified":"2022-09-14T06:48:35+00:00","description":"\u0130\u00e7ti\u011finiz bir fincan kahve story ile sosyal medyan\u0131za renk kats\u0131n ister misiniz? O halde haval\u0131 kahve storysi fikirleri i\u00e7in t\u0131klay\u0131n!","inLanguage":"tr","potentialAction":[{"@type":"ReadAction","target":["https:\/\/mithra.com.tr\/blog\/kahve-story-en-havali-kahve-storysi-fikirleri\/"]}]},{"@type":"ImageObject","inLanguage":"tr","@id":"https:\/\/mithra.com.tr\/blog\/kahve-story-en-havali-kahve-storysi-fikirleri\/#primaryimage","url":"https:\/\/mithra.com.tr\/blog\/wp-content\/uploads\/2022\/07\/kahve-story-en-havali-kahve-storysi-fikirleri.jpg","contentUrl":"https:\/\/mithra.com.tr\/blog\/wp-content\/uploads\/2022\/07\/kahve-story-en-havali-kahve-storysi-fikirleri.jpg","width":1024,"height":600,"caption":"kahve-story-en-havali-kahve-storysi-fikirleri"},{"@type":"WebSite","@id":"https:\/\/mithra.com.tr\/blog\/#website","url":"https:\/\/mithra.com.tr\/blog\/","name":"Mithra Coffee &amp; Tea Co.","description":"Zengin aromal\u0131 egzotik kahveler \u00e7iftlikten kap\u0131n\u0131za!","publisher":{"@id":"https:\/\/mithra.com.tr\/blog\/#organization"},"inLanguage":"tr"},{"@type":"Organization","@id":"https:\/\/mithra.com.tr\/blog\/#organization","name":"Mithra Coffee &amp; Tea Co.","url":"https:\/\/mithra.com.tr\/blog\/","logo":{"@type":"ImageObject","inLanguage":"tr","@id":"https:\/\/mithra.com.tr\/blog\/#\/schema\/logo\/image\/","url":"https:\/\/mithra.coffee\/blog\/wp-content\/uploads\/2020\/08\/mithra-logo-kare.png","contentUrl":"https:\/\/mithra.coffee\/blog\/wp-content\/uploads\/2020\/08\/mithra-logo-kare.png","width":632,"height":632,"caption":"Mithra Coffee &amp; Tea Co."},"image":{"@id":"https:\/\/mithra.com.tr\/blog\/#\/schema\/logo\/image\/"}},{"@type":"Person","@id":"https:\/\/mithra.com.tr\/blog\/#\/schema\/person\/0725f4d9e013d552860b4e8e285fb66f","name":"\u00c7a\u011fla Koptekin","image":{"@type":"ImageObject","inLanguage":"tr","@id":"https:\/\/mithra.com.tr\/blog\/#\/schema\/person\/image\/","url":"https:\/\/secure.gravatar.com\/avatar\/d8b9a8a0b5b92010be0f6bb136870ddd?s=96&d=mm&r=g","contentUrl":"https:\/\/secure.gravatar.com\/avatar\/d8b9a8a0b5b92010be0f6bb136870ddd?s=96&d=mm&r=g","caption":"\u00c7a\u011fla Koptekin"}}]}},"_links":{"self":[{"href":"https:\/\/mithra.com.tr\/blog\/wp-json\/wp\/v2\/posts\/4343"}],"collection":[{"href":"https:\/\/mithra.com.tr\/blog\/wp-json\/wp\/v2\/posts"}],"about":[{"href":"https:\/\/mithra.com.tr\/blog\/wp-json\/wp\/v2\/types\/post"}],"author":[{"embeddable":true,"href":"https:\/\/mithra.com.tr\/blog\/wp-json\/wp\/v2\/users\/7"}],"replies":[{"embeddable":true,"href":"https:\/\/mithra.com.tr\/blog\/wp-json\/wp\/v2\/comments?post=4343"}],"version-history":[{"count":3,"href":"https:\/\/mithra.com.tr\/blog\/wp-json\/wp\/v2\/posts\/4343\/revisions"}],"predecessor-version":[{"id":4520,"href":"https:\/\/mithra.com.tr\/blog\/wp-json\/wp\/v2\/posts\/4343\/revisions\/4520"}],"wp:featuredmedia":[{"embeddable":true,"href":"https:\/\/mithra.com.tr\/blog\/wp-json\/wp\/v2\/media\/4344"}],"wp:attachment":[{"href":"https:\/\/mithra.com.tr\/blog\/wp-json\/wp\/v2\/media?parent=4343"}],"wp:term":[{"taxonomy":"category","embeddable":true,"href":"https:\/\/mithra.com.tr\/blog\/wp-json\/wp\/v2\/categories?post=4343"},{"taxonomy":"post_tag","embeddable":true,"href":"https:\/\/mithra.com.tr\/blog\/wp-json\/wp\/v2\/tags?post=4343"}],"curies":[{"name":"wp","href":"https:\/\/api.w.org\/{rel}","templated":true}]}}