{"id":4044,"date":"2022-04-22T12:22:47","date_gmt":"2022-04-22T12:22:47","guid":{"rendered":"https:\/\/mithra.coffee\/blog\/?p=4044"},"modified":"2022-04-25T06:36:55","modified_gmt":"2022-04-25T06:36:55","slug":"yag-yakan-kahve-tarifi-yag-yakan-kahve-cesitleri","status":"publish","type":"post","link":"https:\/\/mithra.com.tr\/blog\/yag-yakan-kahve-tarifi-yag-yakan-kahve-cesitleri\/","title":{"rendered":"Ya\u011f Yakan Kahve Tarifi &#8211; Ya\u011f Yakan Kahve \u00c7e\u015fitleri"},"content":{"rendered":"\n<p>G\u00fcn\u00fcm\u00fczde kahve pek \u00e7ok ama\u00e7 i\u00e7in t\u00fcketilmektedir. Kahveyi kimi lezzeti, kimi ho\u015f sohbeti kimi ise ya\u011f yakma \u00f6zelli\u011fi i\u00e7in t\u00fcketir. <strong>Ya\u011f yakan kahve<\/strong> mi&nbsp; olur diye soruyor olabilirsiniz. Evet, kahvenin t\u00fcketilme ama\u00e7lar\u0131ndan biri de&nbsp; v\u00fccuttaki ya\u011f yak\u0131m\u0131n\u0131 h\u0131zland\u0131rmakt\u0131r. <\/p>\n\n\n\n<p>Sporcular ba\u015fta olmak \u00fczere \u00e7o\u011fu ki\u015fi kahveyi ya\u011f yakma y\u00f6ntemlerinden biri olarak kullan\u0131r. Peki, kahve ger\u00e7ekten ya\u011f yakmam\u0131z\u0131 sa\u011fl\u0131yor mu, okudu\u011fumuz ve duydu\u011fumuz bilgiler ne kadar do\u011fru? Gelin bu sorunun cevab\u0131n\u0131 birlikte ke\u015ffedelim.&nbsp;&nbsp;<\/p>\n\n\n\n<p>\u2615 Mithra Coffee&#8217;nin d\u00fcnyan\u0131n farkl\u0131 yerlerinden ithal etti\u011fi y\u00f6resel <a href=\"https:\/\/mithra.coffee\/kahve\/\" target=\"_blank\" rel=\"noreferrer noopener\">kahve<\/a> \u00e7e\u015fitleri ya\u011f yakma s\u00fcrecinde size destek oluyor. Siz de Mithra Coffee&#8217;nin kaliteli kahve \u00e7e\u015fitleriyle hem ya\u011f yakabilir hem de yeni lezzetler ke\u015ffedebilirsiniz.<\/p>\n\n\n\n<h2 id=\"kahvenin-yag-yakici-etkisi-nedir\" class=\"wp-block-heading\">Kahvenin Ya\u011f Yak\u0131c\u0131 Etkisi Nedir?<\/h2>\n\n\n\n<figure class=\"wp-block-image size-full\"><img loading=\"lazy\" decoding=\"async\" width=\"1024\" height=\"600\" src=\"https:\/\/mithra.coffee\/blog\/wp-content\/uploads\/2022\/04\/yag-yakan-turk-kahvesi.jpg\" alt=\"\" class=\"wp-image-4045\" srcset=\"https:\/\/mithra.com.tr\/blog\/wp-content\/uploads\/2022\/04\/yag-yakan-turk-kahvesi.jpg 1024w, https:\/\/mithra.com.tr\/blog\/wp-content\/uploads\/2022\/04\/yag-yakan-turk-kahvesi-800x469.jpg 800w, https:\/\/mithra.com.tr\/blog\/wp-content\/uploads\/2022\/04\/yag-yakan-turk-kahvesi-380x223.jpg 380w\" sizes=\"(max-width: 1024px) 100vw, 1024px\" \/><\/figure>\n\n\n\n<p>Hepimizin bildi\u011fi gibi kahvenin ham maddelerinden biri kafeindir. Kafein, v\u00fccutta enerji metabolizmas\u0131n\u0131n d\u00fczenli bir \u015fekilde \u00e7al\u0131\u015fmas\u0131na yard\u0131mc\u0131 olur. <\/p>\n\n\n\n<p>V\u00fccudu uyaran maddelerden biri olan kafein, ya\u011f h\u00fccrelerinin par\u00e7alanmas\u0131n\u0131 sa\u011flar. Yani i\u00e7ti\u011finiz bir fincan kahve ile &nbsp;v\u00fccudumuzdaki ya\u011f\u0131n yak\u0131lmas\u0131na yard\u0131mc\u0131 olabilirsiniz.&nbsp;<\/p>\n\n\n\n<p>Kahvenin ya\u011f yak\u0131c\u0131 etkisi herkes taraf\u0131ndan bilinen bir \u015feydir. Peki, sadece kahve t\u00fcketerek zay\u0131flamak ya da ya\u011f yakmak m\u00fcmk\u00fcn m\u00fc? Tabii ki hi\u00e7bir \u015fey tek ba\u015f\u0131na m\u00fcmk\u00fcn de\u011fil.&nbsp; <\/p>\n\n\n\n<p>V\u00fccutta yer alan kafein metabolizman\u0131z\u0131n h\u0131zlanmas\u0131na yard\u0131mc\u0131 olsa da tek ba\u015f\u0131na etkili de\u011fildir. Ger\u00e7ek sonu\u00e7lara ula\u015fabilmek i\u00e7in metabolizman\u0131z\u0131 canl\u0131 tutmak hatta d\u00fczenli egzersiz yapmal\u0131s\u0131n\u0131z.&nbsp;T\u00fcketilen kahve ile birlikte ya\u011f yak\u0131c\u0131 besinlerden olu\u015fan d\u00fczenli bir&nbsp; beslenme program\u0131 ile amac\u0131n\u0131za ula\u015fabilirsiniz. <\/p>\n\n\n\n<p>Ayr\u0131ca <a href=\"https:\/\/mithra.coffee\/blog\/zayiflatan-kahve-tarifleri-ac-kalmadan-fit-olmak\/\" target=\"_blank\" rel=\"noreferrer noopener\">zay\u0131flatan kahve tarifleri<\/a> blog yaz\u0131m\u0131z da ilginizi \u00e7ekebilir.<\/p>\n\n\n\n<h2 id=\"yag-yakan-kahve-tarifleri\" class=\"wp-block-heading\">Ya\u011f Yakan Kahve Tarifleri<\/h2>\n\n\n\n<p>Kahvenin ya\u011f yak\u0131c\u0131 etkisi ve sa\u011fl\u0131kl\u0131 beslenmeye etkisinden bahsetti\u011fimize g\u00f6re ya\u011f yakan kahve \u00e7e\u015fitlerine ge\u00e7ebiliriz. \u0130\u015fte, ya\u011f yak\u0131c\u0131 kahveler ve tarifleri.<\/p>\n\n\n\n<figure class=\"wp-block-image size-full\"><img loading=\"lazy\" decoding=\"async\" width=\"1024\" height=\"600\" src=\"https:\/\/mithra.coffee\/blog\/wp-content\/uploads\/2022\/04\/yag-yakan-kahve-tarifleri.jpg\" alt=\"yag-yakan-kahve-tarifleri\" class=\"wp-image-4063\" srcset=\"https:\/\/mithra.com.tr\/blog\/wp-content\/uploads\/2022\/04\/yag-yakan-kahve-tarifleri.jpg 1024w, https:\/\/mithra.com.tr\/blog\/wp-content\/uploads\/2022\/04\/yag-yakan-kahve-tarifleri-800x469.jpg 800w, https:\/\/mithra.com.tr\/blog\/wp-content\/uploads\/2022\/04\/yag-yakan-kahve-tarifleri-380x223.jpg 380w\" sizes=\"(max-width: 1024px) 100vw, 1024px\" \/><\/figure>\n\n\n\n<p class=\"has-text-align-center\"><em>Ya\u011f yakan kahve tariflerini uygulamadan \u00f6nce bir hekimden ya da diyetisyenden yard\u0131m alman\u0131z\u0131 tavsiye ederiz. Hekiminizin ya da diyetisyeninizin uygun g\u00f6rmesi halinde a\u015fa\u011f\u0131daki tarifleri deneyimleyebilirsiniz.<\/em><\/p>\n\n\n\n<h3 id=\"yag-yakan-turk-kahvesi\" class=\"wp-block-heading\">Ya\u011f Yakan T\u00fcrk Kahvesi<\/h3>\n\n\n\n<p>T\u00fcrk kahvesi, ge\u00e7mi\u015ften bug\u00fcne bir neslin geleneksel i\u00e7ece\u011fi, sohbetlerin yegane tamamlay\u0131c\u0131s\u0131 olmu\u015ftur. K\u00f6kl\u00fc ge\u00e7mi\u015fin g\u00f6stergelerinden biri olan kahve, yaln\u0131zca bir i\u00e7ecek de\u011fil bir ileti\u015fim tarz\u0131d\u0131r.\u00a0\u00a0<\/p>\n\n\n\n<p>Uzun sohbetlerin orta\u011f\u0131, fal bakt\u0131rman\u0131n bahanesi, uykusuzlu\u011fun ilac\u0131 olan T\u00fcrk kahvesinin faydalar\u0131na ne kadar hakimsiniz? Gelin kahveseverlerin, klasik lezzetlerden vazge\u00e7meyenlerin favori i\u00e7ece\u011fi olan T\u00fcrk kahvesinin ya\u011f yakma \u00f6zelli\u011fini birlikte ke\u015ffedelim.<\/p>\n\n\n\n<figure class=\"wp-block-image size-full\"><img loading=\"lazy\" decoding=\"async\" width=\"1024\" height=\"600\" src=\"https:\/\/mithra.coffee\/blog\/wp-content\/uploads\/2022\/04\/yag-yakan-turk-kahvesi-mithra-coffee-blog.jpg\" alt=\"yag-yakan-turk-kahvesi-mithra-coffee-blog\" class=\"wp-image-4069\" srcset=\"https:\/\/mithra.com.tr\/blog\/wp-content\/uploads\/2022\/04\/yag-yakan-turk-kahvesi-mithra-coffee-blog.jpg 1024w, https:\/\/mithra.com.tr\/blog\/wp-content\/uploads\/2022\/04\/yag-yakan-turk-kahvesi-mithra-coffee-blog-800x469.jpg 800w, https:\/\/mithra.com.tr\/blog\/wp-content\/uploads\/2022\/04\/yag-yakan-turk-kahvesi-mithra-coffee-blog-380x223.jpg 380w\" sizes=\"(max-width: 1024px) 100vw, 1024px\" \/><\/figure>\n\n\n\n<p>\u00c7aydan sonra en \u00e7ok sevilen s\u0131cak i\u00e7ecekler aras\u0131nda yer alan T\u00fcrk kahvesi ya\u011f yakma \u00f6zelli\u011fiyle de s\u0131k\u00e7a tercih edilmektedir. Ya\u011f yakan T\u00fcrk kahvesinin geleneksel T\u00fcrk kahvesinden fark\u0131 i\u00e7ine eklenen tar\u00e7\u0131n ile belirginle\u015fmektedir.&nbsp;Bu kahve ile zay\u0131flamak istiyorsan\u0131z mutlaka d\u00fczenli bir egzersiz program\u0131 yapmal\u0131s\u0131n\u0131z. <\/p>\n\n\n\n<p>Ya\u011f yak\u0131m\u0131n\u0131 art\u0131rmak ve kilo vermek i\u00e7in tercih edece\u011finiz kahvenin malzemeleri; bir \u00e7orba ka\u015f\u0131\u011f\u0131 T\u00fcrk kahvesi ve bir \u00e7ay ka\u015f\u0131\u011f\u0131 tar\u00e7\u0131ndan olu\u015fuyor.&nbsp;<\/p>\n\n\n\n<p><strong>Ya\u011f yakan T\u00fcrk kahvesinin haz\u0131rlan\u0131\u015f\u0131;<\/strong><\/p>\n\n\n\n<ul><li>\u00d6ncelikle bir \u00e7orba T\u00fcrk kahvesini cezveye ekleyin ve ard\u0131ndan hemen kahveye bir \u00e7ay ka\u015f\u0131\u011f\u0131 tar\u00e7\u0131n ilave edin.&nbsp;<\/li><li>Kahve ile tar\u00e7\u0131n\u0131 koyduktan sonra ka\u015f\u0131k yard\u0131m\u0131 ile harmanlanmalar\u0131n\u0131 sa\u011flay\u0131n.<\/li><li>Kar\u0131\u015ft\u0131r\u0131lan malzemelere bir fincan i\u00e7me suyu ekleyin.<\/li><li>Suyun eklenmesi ile birlikte kahveyi cezvenin i\u00e7inde biraz kar\u0131\u015ft\u0131r\u0131n.<\/li><li>Son olarak pi\u015fmekte olan kahveyi kabarmaya ba\u015flay\u0131nca ocaktan al\u0131n ve fincana d\u00f6k\u00fcn.<\/li><\/ul>\n\n\n\n<p>\u015eimdiden afiyet olsun!&nbsp;<\/p>\n\n\n\n<p>Ya\u011f yakan tar\u00e7\u0131nl\u0131 kahvenin T\u00fcrk kahvesinden tek fark\u0131 i\u00e7ine eklenen tar\u00e7\u0131nd\u0131r. Ya\u011f yakan kahvenin yard\u0131m\u0131, d\u00fczenli beslenme ve sporla fazla kilolar\u0131n\u0131zdan kurtulabilirsiniz. <\/p>\n\n\n\n<p>Bu arada kahveyi \u015fekersiz t\u00fcketemeyenlerden biri de siz olabilirsiniz. Fakat sonuca ula\u015fabilmek i\u00e7in kesinlikle \u015feker kullanmamal\u0131s\u0131n\u0131z. Dilerseniz \u015feker yerine hurma veya kuru meyve t\u00fcketebilirsiniz.&nbsp;<\/p>\n\n\n\n<h3 id=\"yag-yakan-hindistan-cevizli-kahve\" class=\"wp-block-heading\">Ya\u011f Yakan Hindistan Cevizli Kahve<\/h3>\n\n\n\n<figure class=\"wp-block-image size-full\"><img loading=\"lazy\" decoding=\"async\" width=\"1024\" height=\"600\" src=\"https:\/\/mithra.coffee\/blog\/wp-content\/uploads\/2022\/04\/yag-yakan-hindistan-cevizli-kahve.jpg\" alt=\"yag-yakan-hindistan-cevizli-kahve\" class=\"wp-image-4064\" srcset=\"https:\/\/mithra.com.tr\/blog\/wp-content\/uploads\/2022\/04\/yag-yakan-hindistan-cevizli-kahve.jpg 1024w, https:\/\/mithra.com.tr\/blog\/wp-content\/uploads\/2022\/04\/yag-yakan-hindistan-cevizli-kahve-800x469.jpg 800w, https:\/\/mithra.com.tr\/blog\/wp-content\/uploads\/2022\/04\/yag-yakan-hindistan-cevizli-kahve-380x223.jpg 380w\" sizes=\"(max-width: 1024px) 100vw, 1024px\" \/><\/figure>\n\n\n\n<p>Ya\u011f yakan Hindistan cevizli kahve son zamanlarda zay\u0131flama takvimlerine eklenen i\u00e7ecekler aras\u0131na girmi\u015ftir. S\u0131kl\u0131kla tercih edilen i\u00e7eceklerden biri olan Hindistan cevizli kahveyi ve ya\u011f yakma \u00fczerindeki etkisini sizler i\u00e7in ara\u015ft\u0131rd\u0131k.&nbsp;<\/p>\n\n\n\n<p>Ya\u011f yakan Hindistan cevizli kahvenin kilo verme \u00fczerindeki etkisi s\u00fcrekli dilendirilen ba\u015fl\u0131klar aras\u0131ndad\u0131r. Peki kilo vermenizi yard\u0131mc\u0131 olan bu kahve nas\u0131l yap\u0131lmaktad\u0131r. T\u00fcm bu ba\u015fl\u0131klar\u0131 ve daha fazlas\u0131n\u0131 sizler i\u00e7in ara\u015ft\u0131rd\u0131k.<\/p>\n\n\n\n<p>\u015eimdiden afiyet olsun!&nbsp;<\/p>\n\n\n\n<p>Hindistan cevizli T\u00fcrk kahvesi haz\u0131rlamak i\u00e7in ihtiyac\u0131n\u0131z olan malzemeler;<\/p>\n\n\n\n<ul><li>Bir \u00e7orba ka\u015f\u0131\u011f\u0131 T\u00fcrk kahvesi,&nbsp;<\/li><li>Bir tatl\u0131 ka\u015f\u0131\u011f\u0131 Hindistan cevizi ya\u011f\u0131,<\/li><li>Bir fincan \u0131l\u0131k i\u00e7me suyudur.&nbsp;<\/li><\/ul>\n\n\n\n<p><strong>Ya\u011f yakan hindistan cevizli T\u00fcrk kahvesinin haz\u0131rlan\u0131\u015f\u0131;<\/strong><\/p>\n\n\n\n<ul><li>\u0130lk olarak bir \u00e7orba ka\u015f\u0131\u011f\u0131 T\u00fcrk kahvesini cezveye ekleyin. \u0130kinci a\u015fama olarak kahveye bir \u00e7ay ka\u015f\u0131\u011f\u0131 Hindistan cevizi ya\u011f\u0131 ilave edin.&nbsp;<\/li><li>Kahve ile Hindistan cevizi ya\u011f\u0131n\u0131 bir ka\u015f\u0131k yard\u0131m\u0131 ile cezvede kar\u0131\u015ft\u0131r\u0131n.&nbsp;<\/li><li>Kar\u0131\u015ft\u0131r\u0131lan malzemelere bir fincan i\u00e7me suyu ekleyin.<\/li><li>Suyun eklenmesi ile birlikte kahveyi cezvenin i\u00e7inde&nbsp; biraz kar\u0131\u015ft\u0131r\u0131n.<\/li><li>Son olarak k\u0131s\u0131k ate\u015fte pi\u015fmekte olan kahveyi birka\u00e7 dakika sonra yani kabarmaya ba\u015flay\u0131nca ocaktan al\u0131n ve fincana d\u00f6k\u00fcn.<\/li><\/ul>\n\n\n\n<p>Afiyet olsun!<\/p>\n\n\n\n<h3 id=\"yag-yakan-sutlu-kahve\" class=\"wp-block-heading\">Ya\u011f Yakan S\u00fctl\u00fc Kahve<\/h3>\n\n\n\n<figure class=\"wp-block-image size-full\"><img loading=\"lazy\" decoding=\"async\" width=\"1024\" height=\"600\" src=\"https:\/\/mithra.coffee\/blog\/wp-content\/uploads\/2021\/03\/sutlu-tarcinli-kahve.jpg\" alt=\"sutlu-tarcinli-kahve\" class=\"wp-image-2806\" srcset=\"https:\/\/mithra.com.tr\/blog\/wp-content\/uploads\/2021\/03\/sutlu-tarcinli-kahve.jpg 1024w, https:\/\/mithra.com.tr\/blog\/wp-content\/uploads\/2021\/03\/sutlu-tarcinli-kahve-800x469.jpg 800w, https:\/\/mithra.com.tr\/blog\/wp-content\/uploads\/2021\/03\/sutlu-tarcinli-kahve-380x223.jpg 380w\" sizes=\"(max-width: 1024px) 100vw, 1024px\" \/><\/figure>\n\n\n\n<p>V\u00fccutta biriken istemsiz ya\u011flar\u0131 eritmek i\u00e7in tercih edilen y\u00f6ntemlerden biri de ya\u011f yak\u0131c\u0131 kahvelerdir. \u00c7\u00fcnk\u00fc kahve, i\u00e7inde bulunan\u00a0 kafein ile metabolizman\u0131z\u0131n   d\u00fczenli bir \u015fekilde \u00e7al\u0131\u015fmas\u0131na yard\u0131mc\u0131 olur.<\/p>\n\n\n\n<p>Sizler i\u00e7in ya\u011f yakan kahve tariflerinizi d\u00fczenledi\u011fimiz bu yaz\u0131da son de\u011findi\u011finiz kahve, s\u00fctl\u00fc &#8211; tar\u00e7\u0131nl\u0131 kahve olacakt\u0131r. Yumu\u015fak aromas\u0131 ile keyifle i\u00e7ece\u011finiz&nbsp;bu kahve, ya\u011flar\u0131n\u0131zdan kurtulman\u0131za destek olacak.&nbsp;<\/p>\n\n\n\n<p>Ya\u011f yakan s\u00fctl\u00fc kahve i\u00e7in ihtiyac\u0131n\u0131z olan malzemeler;<\/p>\n\n\n\n<ul><li>Bir \u00e7ubuk tar\u00e7\u0131n,<\/li><li>Bir su barda\u011f\u0131 s\u00fct,&nbsp;<\/li><li>Bir tatl\u0131 ka\u015f\u0131\u011f\u0131 kahvedir.<\/li><\/ul>\n\n\n\n<p>Son derece basit malzemelerden olu\u015fan bu kahvenin yap\u0131m\u0131 da kolayd\u0131r.&nbsp;<\/p>\n\n\n\n<p><strong>Ya\u011f yakan s\u00fctl\u00fc kahvenin haz\u0131rlan\u0131\u015f\u0131;<\/strong><\/p>\n\n\n\n<ul><li>\u0130lk olarak bir fincan s\u00fct\u00fc cezvenin i\u00e7ine d\u00f6k\u00fcn. \u0130\u00e7erisine bir \u00e7ubuk tar\u00e7\u0131n at\u0131p, s\u00fct\u00fc tar\u00e7\u0131n ile bir ta\u015f\u0131m kaynat\u0131n.<\/li><li>\u0130kinci a\u015famada kaynat\u0131lan s\u00fct ocaktan al\u0131n\u0131r ve i\u00e7erisindeki tar\u00e7\u0131n\u0131n \u00f6zlerinin s\u00fcte ge\u00e7mesi i\u00e7in en az 3-4 saat kadar bekletilir. Dilerseniz tarifi ak\u015famdan haz\u0131rlay\u0131p ertesi g\u00fcn de i\u00e7ebilirsiniz.<\/li><li>Son olarak dinlendirilen tar\u00e7\u0131nl\u0131 s\u00fct i\u00e7ilece\u011fi zaman i\u00e7erisine 1 tatl\u0131 ka\u015f\u0131\u011f\u0131 kahve ilave edilerek ocakta \u0131s\u0131t\u0131l\u0131r.&nbsp;<\/li><\/ul>\n\n\n\n<p>Haz\u0131rlanan&nbsp;kahveyi&nbsp;\u0131l\u0131k veya s\u0131cak olarak i\u00e7ebilirsiniz. \u015eimdiden afiyet olsun!&nbsp;<\/p>\n\n\n\n<p>Bu yaz\u0131m\u0131zda T\u00fcrkiye\u2019de en \u00e7ok t\u00fcketilen i\u00e7ecekler aras\u0131nda yer alan kahvenin ya\u011f yakma \u00fczerindeki etkisinden ve kahve \u00e7e\u015fitlerinden bahsettik. E\u011fer siz de kahve a\u015f\u0131\u011f\u0131ysan\u0131z ve beslenme program\u0131mda mutlaka olsun diyorsan\u0131z \u00f6nerilerimizde faydalanabilirsiniz.\u00a0<\/p>\n\n\n\n<p>\u00c7\u00fcnk\u00fc bizler de bir fincan kahvenin verdi\u011fi mutlulu\u011fun fark\u0131nday\u0131z!&nbsp;<\/p>\n","protected":false},"excerpt":{"rendered":"G\u00fcn\u00fcm\u00fczde kahve pek \u00e7ok ama\u00e7 i\u00e7in t\u00fcketilmektedir. Kahveyi kimi lezzeti, kimi ho\u015f sohbeti kimi ise ya\u011f yakma \u00f6zelli\u011fi&hellip;\n","protected":false},"author":7,"featured_media":4065,"comment_status":"open","ping_status":"open","sticky":false,"template":"","format":"standard","meta":{"footnotes":""},"categories":[12,18],"tags":[],"yoast_head":"<!-- This site is optimized with the Yoast SEO plugin v22.5 - https:\/\/yoast.com\/wordpress\/plugins\/seo\/ -->\n<title>Ya\u011f Yakan Kahve Tarifi - Ya\u011f Yakan Kahve \u00c7e\u015fitleri - Mithra Coffee<\/title>\n<meta name=\"description\" content=\"Ya\u011f yakan kahve tarifleri ile hayalinizdeki v\u00fccut size hi\u00e7 uzak de\u011fil! Kilo verme s\u00fcrecinizi desteklemek i\u00e7in tariflerimize g\u00f6z at\u0131n!\" \/>\n<meta name=\"robots\" content=\"index, follow, max-snippet:-1, max-image-preview:large, max-video-preview:-1\" \/>\n<link rel=\"canonical\" href=\"https:\/\/mithra.com.tr\/blog\/yag-yakan-kahve-tarifi-yag-yakan-kahve-cesitleri\/\" \/>\n<meta property=\"og:locale\" content=\"tr_TR\" \/>\n<meta property=\"og:type\" content=\"article\" \/>\n<meta property=\"og:title\" content=\"Ya\u011f Yakan Kahve Tarifi - Ya\u011f Yakan Kahve \u00c7e\u015fitleri - Mithra Coffee\" \/>\n<meta property=\"og:description\" content=\"Ya\u011f yakan kahve tarifleri ile hayalinizdeki v\u00fccut size hi\u00e7 uzak de\u011fil! Kilo verme s\u00fcrecinizi desteklemek i\u00e7in tariflerimize g\u00f6z at\u0131n!\" \/>\n<meta property=\"og:url\" content=\"https:\/\/mithra.com.tr\/blog\/yag-yakan-kahve-tarifi-yag-yakan-kahve-cesitleri\/\" \/>\n<meta property=\"og:site_name\" content=\"Mithra Coffee &amp; Tea Co.\" \/>\n<meta property=\"article:published_time\" content=\"2022-04-22T12:22:47+00:00\" \/>\n<meta property=\"article:modified_time\" content=\"2022-04-25T06:36:55+00:00\" \/>\n<meta property=\"og:image\" content=\"https:\/\/mithra.com.tr\/blog\/wp-content\/uploads\/2022\/04\/yag-yakan-kahve-tarifleri-yag-yakan-kahveler.JPG.jpg\" \/>\n\t<meta property=\"og:image:width\" content=\"1024\" \/>\n\t<meta property=\"og:image:height\" content=\"600\" \/>\n\t<meta property=\"og:image:type\" content=\"image\/jpeg\" \/>\n<meta name=\"author\" content=\"\u00c7a\u011fla Koptekin\" \/>\n<meta name=\"twitter:card\" content=\"summary_large_image\" \/>\n<meta name=\"twitter:label1\" content=\"Yazan:\" \/>\n\t<meta name=\"twitter:data1\" content=\"\u00c7a\u011fla Koptekin\" \/>\n\t<meta name=\"twitter:label2\" content=\"Tahmini okuma s\u00fcresi\" \/>\n\t<meta name=\"twitter:data2\" content=\"7 dakika\" \/>\n<script type=\"application\/ld+json\" class=\"yoast-schema-graph\">{\"@context\":\"https:\/\/schema.org\",\"@graph\":[{\"@type\":\"Article\",\"@id\":\"https:\/\/mithra.com.tr\/blog\/yag-yakan-kahve-tarifi-yag-yakan-kahve-cesitleri\/#article\",\"isPartOf\":{\"@id\":\"https:\/\/mithra.com.tr\/blog\/yag-yakan-kahve-tarifi-yag-yakan-kahve-cesitleri\/\"},\"author\":{\"name\":\"\u00c7a\u011fla Koptekin\",\"@id\":\"https:\/\/mithra.com.tr\/blog\/#\/schema\/person\/0725f4d9e013d552860b4e8e285fb66f\",\"url\":\"https:\/\/muhiku.com\/blog\/\"},\"headline\":\"Ya\u011f Yakan Kahve Tarifi &#8211; Ya\u011f Yakan Kahve \u00c7e\u015fitleri\",\"datePublished\":\"2022-04-22T12:22:47+00:00\",\"dateModified\":\"2022-04-25T06:36:55+00:00\",\"mainEntityOfPage\":{\"@id\":\"https:\/\/mithra.com.tr\/blog\/yag-yakan-kahve-tarifi-yag-yakan-kahve-cesitleri\/\"},\"wordCount\":1289,\"commentCount\":0,\"publisher\":{\"@id\":\"https:\/\/mithra.com.tr\/blog\/#organization\"},\"image\":{\"@id\":\"https:\/\/mithra.com.tr\/blog\/yag-yakan-kahve-tarifi-yag-yakan-kahve-cesitleri\/#primaryimage\"},\"thumbnailUrl\":\"https:\/\/mithra.com.tr\/blog\/wp-content\/uploads\/2022\/04\/yag-yakan-kahve-tarifleri-yag-yakan-kahveler.JPG.jpg\",\"articleSection\":[\"Kahve\",\"Kahve Tarifleri\"],\"inLanguage\":\"tr\",\"potentialAction\":[{\"@type\":\"CommentAction\",\"name\":\"Comment\",\"target\":[\"https:\/\/mithra.com.tr\/blog\/yag-yakan-kahve-tarifi-yag-yakan-kahve-cesitleri\/#respond\"]}]},{\"@type\":\"WebPage\",\"@id\":\"https:\/\/mithra.com.tr\/blog\/yag-yakan-kahve-tarifi-yag-yakan-kahve-cesitleri\/\",\"url\":\"https:\/\/mithra.com.tr\/blog\/yag-yakan-kahve-tarifi-yag-yakan-kahve-cesitleri\/\",\"name\":\"Ya\u011f Yakan Kahve Tarifi - Ya\u011f Yakan Kahve \u00c7e\u015fitleri - Mithra Coffee\",\"isPartOf\":{\"@id\":\"https:\/\/mithra.com.tr\/blog\/#website\"},\"primaryImageOfPage\":{\"@id\":\"https:\/\/mithra.com.tr\/blog\/yag-yakan-kahve-tarifi-yag-yakan-kahve-cesitleri\/#primaryimage\"},\"image\":{\"@id\":\"https:\/\/mithra.com.tr\/blog\/yag-yakan-kahve-tarifi-yag-yakan-kahve-cesitleri\/#primaryimage\"},\"thumbnailUrl\":\"https:\/\/mithra.com.tr\/blog\/wp-content\/uploads\/2022\/04\/yag-yakan-kahve-tarifleri-yag-yakan-kahveler.JPG.jpg\",\"datePublished\":\"2022-04-22T12:22:47+00:00\",\"dateModified\":\"2022-04-25T06:36:55+00:00\",\"description\":\"Ya\u011f yakan kahve tarifleri ile hayalinizdeki v\u00fccut size hi\u00e7 uzak de\u011fil! Kilo verme s\u00fcrecinizi desteklemek i\u00e7in tariflerimize g\u00f6z at\u0131n!\",\"inLanguage\":\"tr\",\"potentialAction\":[{\"@type\":\"ReadAction\",\"target\":[\"https:\/\/mithra.com.tr\/blog\/yag-yakan-kahve-tarifi-yag-yakan-kahve-cesitleri\/\"]}]},{\"@type\":\"ImageObject\",\"inLanguage\":\"tr\",\"@id\":\"https:\/\/mithra.com.tr\/blog\/yag-yakan-kahve-tarifi-yag-yakan-kahve-cesitleri\/#primaryimage\",\"url\":\"https:\/\/mithra.com.tr\/blog\/wp-content\/uploads\/2022\/04\/yag-yakan-kahve-tarifleri-yag-yakan-kahveler.JPG.jpg\",\"contentUrl\":\"https:\/\/mithra.com.tr\/blog\/wp-content\/uploads\/2022\/04\/yag-yakan-kahve-tarifleri-yag-yakan-kahveler.JPG.jpg\",\"width\":1024,\"height\":600,\"caption\":\"yag-yakan-kahve-tarifleri-yag-yakan-kahveler.JPG\"},{\"@type\":\"WebSite\",\"@id\":\"https:\/\/mithra.com.tr\/blog\/#website\",\"url\":\"https:\/\/mithra.com.tr\/blog\/\",\"name\":\"Mithra Coffee &amp; Tea Co.\",\"description\":\"Zengin aromal\u0131 egzotik kahveler \u00e7iftlikten kap\u0131n\u0131za!\",\"publisher\":{\"@id\":\"https:\/\/mithra.com.tr\/blog\/#organization\"},\"inLanguage\":\"tr\"},{\"@type\":\"Organization\",\"@id\":\"https:\/\/mithra.com.tr\/blog\/#organization\",\"name\":\"Mithra Coffee &amp; Tea Co.\",\"url\":\"https:\/\/mithra.com.tr\/blog\/\",\"logo\":{\"@type\":\"ImageObject\",\"inLanguage\":\"tr\",\"@id\":\"https:\/\/mithra.com.tr\/blog\/#\/schema\/logo\/image\/\",\"url\":\"https:\/\/mithra.coffee\/blog\/wp-content\/uploads\/2020\/08\/mithra-logo-kare.png\",\"contentUrl\":\"https:\/\/mithra.coffee\/blog\/wp-content\/uploads\/2020\/08\/mithra-logo-kare.png\",\"width\":632,\"height\":632,\"caption\":\"Mithra Coffee &amp; Tea Co.\"},\"image\":{\"@id\":\"https:\/\/mithra.com.tr\/blog\/#\/schema\/logo\/image\/\"}},{\"@type\":\"Person\",\"@id\":\"https:\/\/mithra.com.tr\/blog\/#\/schema\/person\/0725f4d9e013d552860b4e8e285fb66f\",\"name\":\"\u00c7a\u011fla Koptekin\",\"image\":{\"@type\":\"ImageObject\",\"inLanguage\":\"tr\",\"@id\":\"https:\/\/mithra.com.tr\/blog\/#\/schema\/person\/image\/\",\"url\":\"https:\/\/secure.gravatar.com\/avatar\/d8b9a8a0b5b92010be0f6bb136870ddd?s=96&d=mm&r=g\",\"contentUrl\":\"https:\/\/secure.gravatar.com\/avatar\/d8b9a8a0b5b92010be0f6bb136870ddd?s=96&d=mm&r=g\",\"caption\":\"\u00c7a\u011fla Koptekin\"}}]}<\/script>\n<!-- \/ Yoast SEO plugin. -->","yoast_head_json":{"title":"Ya\u011f Yakan Kahve Tarifi - Ya\u011f Yakan Kahve \u00c7e\u015fitleri - Mithra Coffee","description":"Ya\u011f yakan kahve tarifleri ile hayalinizdeki v\u00fccut size hi\u00e7 uzak de\u011fil! Kilo verme s\u00fcrecinizi desteklemek i\u00e7in tariflerimize g\u00f6z at\u0131n!","robots":{"index":"index","follow":"follow","max-snippet":"max-snippet:-1","max-image-preview":"max-image-preview:large","max-video-preview":"max-video-preview:-1"},"canonical":"https:\/\/mithra.com.tr\/blog\/yag-yakan-kahve-tarifi-yag-yakan-kahve-cesitleri\/","og_locale":"tr_TR","og_type":"article","og_title":"Ya\u011f Yakan Kahve Tarifi - Ya\u011f Yakan Kahve \u00c7e\u015fitleri - Mithra Coffee","og_description":"Ya\u011f yakan kahve tarifleri ile hayalinizdeki v\u00fccut size hi\u00e7 uzak de\u011fil! Kilo verme s\u00fcrecinizi desteklemek i\u00e7in tariflerimize g\u00f6z at\u0131n!","og_url":"https:\/\/mithra.com.tr\/blog\/yag-yakan-kahve-tarifi-yag-yakan-kahve-cesitleri\/","og_site_name":"Mithra Coffee &amp; Tea Co.","article_published_time":"2022-04-22T12:22:47+00:00","article_modified_time":"2022-04-25T06:36:55+00:00","og_image":[{"width":1024,"height":600,"url":"https:\/\/mithra.com.tr\/blog\/wp-content\/uploads\/2022\/04\/yag-yakan-kahve-tarifleri-yag-yakan-kahveler.JPG.jpg","type":"image\/jpeg"}],"author":"\u00c7a\u011fla Koptekin","twitter_card":"summary_large_image","twitter_misc":{"Yazan:":"\u00c7a\u011fla Koptekin","Tahmini okuma s\u00fcresi":"7 dakika"},"schema":{"@context":"https:\/\/schema.org","@graph":[{"@type":"Article","@id":"https:\/\/mithra.com.tr\/blog\/yag-yakan-kahve-tarifi-yag-yakan-kahve-cesitleri\/#article","isPartOf":{"@id":"https:\/\/mithra.com.tr\/blog\/yag-yakan-kahve-tarifi-yag-yakan-kahve-cesitleri\/"},"author":{"name":"\u00c7a\u011fla Koptekin","@id":"https:\/\/mithra.com.tr\/blog\/#\/schema\/person\/0725f4d9e013d552860b4e8e285fb66f","url":"https:\/\/muhiku.com\/blog\/"},"headline":"Ya\u011f Yakan Kahve Tarifi &#8211; Ya\u011f Yakan Kahve \u00c7e\u015fitleri","datePublished":"2022-04-22T12:22:47+00:00","dateModified":"2022-04-25T06:36:55+00:00","mainEntityOfPage":{"@id":"https:\/\/mithra.com.tr\/blog\/yag-yakan-kahve-tarifi-yag-yakan-kahve-cesitleri\/"},"wordCount":1289,"commentCount":0,"publisher":{"@id":"https:\/\/mithra.com.tr\/blog\/#organization"},"image":{"@id":"https:\/\/mithra.com.tr\/blog\/yag-yakan-kahve-tarifi-yag-yakan-kahve-cesitleri\/#primaryimage"},"thumbnailUrl":"https:\/\/mithra.com.tr\/blog\/wp-content\/uploads\/2022\/04\/yag-yakan-kahve-tarifleri-yag-yakan-kahveler.JPG.jpg","articleSection":["Kahve","Kahve Tarifleri"],"inLanguage":"tr","potentialAction":[{"@type":"CommentAction","name":"Comment","target":["https:\/\/mithra.com.tr\/blog\/yag-yakan-kahve-tarifi-yag-yakan-kahve-cesitleri\/#respond"]}]},{"@type":"WebPage","@id":"https:\/\/mithra.com.tr\/blog\/yag-yakan-kahve-tarifi-yag-yakan-kahve-cesitleri\/","url":"https:\/\/mithra.com.tr\/blog\/yag-yakan-kahve-tarifi-yag-yakan-kahve-cesitleri\/","name":"Ya\u011f Yakan Kahve Tarifi - Ya\u011f Yakan Kahve \u00c7e\u015fitleri - Mithra Coffee","isPartOf":{"@id":"https:\/\/mithra.com.tr\/blog\/#website"},"primaryImageOfPage":{"@id":"https:\/\/mithra.com.tr\/blog\/yag-yakan-kahve-tarifi-yag-yakan-kahve-cesitleri\/#primaryimage"},"image":{"@id":"https:\/\/mithra.com.tr\/blog\/yag-yakan-kahve-tarifi-yag-yakan-kahve-cesitleri\/#primaryimage"},"thumbnailUrl":"https:\/\/mithra.com.tr\/blog\/wp-content\/uploads\/2022\/04\/yag-yakan-kahve-tarifleri-yag-yakan-kahveler.JPG.jpg","datePublished":"2022-04-22T12:22:47+00:00","dateModified":"2022-04-25T06:36:55+00:00","description":"Ya\u011f yakan kahve tarifleri ile hayalinizdeki v\u00fccut size hi\u00e7 uzak de\u011fil! Kilo verme s\u00fcrecinizi desteklemek i\u00e7in tariflerimize g\u00f6z at\u0131n!","inLanguage":"tr","potentialAction":[{"@type":"ReadAction","target":["https:\/\/mithra.com.tr\/blog\/yag-yakan-kahve-tarifi-yag-yakan-kahve-cesitleri\/"]}]},{"@type":"ImageObject","inLanguage":"tr","@id":"https:\/\/mithra.com.tr\/blog\/yag-yakan-kahve-tarifi-yag-yakan-kahve-cesitleri\/#primaryimage","url":"https:\/\/mithra.com.tr\/blog\/wp-content\/uploads\/2022\/04\/yag-yakan-kahve-tarifleri-yag-yakan-kahveler.JPG.jpg","contentUrl":"https:\/\/mithra.com.tr\/blog\/wp-content\/uploads\/2022\/04\/yag-yakan-kahve-tarifleri-yag-yakan-kahveler.JPG.jpg","width":1024,"height":600,"caption":"yag-yakan-kahve-tarifleri-yag-yakan-kahveler.JPG"},{"@type":"WebSite","@id":"https:\/\/mithra.com.tr\/blog\/#website","url":"https:\/\/mithra.com.tr\/blog\/","name":"Mithra Coffee &amp; Tea Co.","description":"Zengin aromal\u0131 egzotik kahveler \u00e7iftlikten kap\u0131n\u0131za!","publisher":{"@id":"https:\/\/mithra.com.tr\/blog\/#organization"},"inLanguage":"tr"},{"@type":"Organization","@id":"https:\/\/mithra.com.tr\/blog\/#organization","name":"Mithra Coffee &amp; Tea Co.","url":"https:\/\/mithra.com.tr\/blog\/","logo":{"@type":"ImageObject","inLanguage":"tr","@id":"https:\/\/mithra.com.tr\/blog\/#\/schema\/logo\/image\/","url":"https:\/\/mithra.coffee\/blog\/wp-content\/uploads\/2020\/08\/mithra-logo-kare.png","contentUrl":"https:\/\/mithra.coffee\/blog\/wp-content\/uploads\/2020\/08\/mithra-logo-kare.png","width":632,"height":632,"caption":"Mithra Coffee &amp; Tea Co."},"image":{"@id":"https:\/\/mithra.com.tr\/blog\/#\/schema\/logo\/image\/"}},{"@type":"Person","@id":"https:\/\/mithra.com.tr\/blog\/#\/schema\/person\/0725f4d9e013d552860b4e8e285fb66f","name":"\u00c7a\u011fla Koptekin","image":{"@type":"ImageObject","inLanguage":"tr","@id":"https:\/\/mithra.com.tr\/blog\/#\/schema\/person\/image\/","url":"https:\/\/secure.gravatar.com\/avatar\/d8b9a8a0b5b92010be0f6bb136870ddd?s=96&d=mm&r=g","contentUrl":"https:\/\/secure.gravatar.com\/avatar\/d8b9a8a0b5b92010be0f6bb136870ddd?s=96&d=mm&r=g","caption":"\u00c7a\u011fla Koptekin"}}]}},"_links":{"self":[{"href":"https:\/\/mithra.com.tr\/blog\/wp-json\/wp\/v2\/posts\/4044"}],"collection":[{"href":"https:\/\/mithra.com.tr\/blog\/wp-json\/wp\/v2\/posts"}],"about":[{"href":"https:\/\/mithra.com.tr\/blog\/wp-json\/wp\/v2\/types\/post"}],"author":[{"embeddable":true,"href":"https:\/\/mithra.com.tr\/blog\/wp-json\/wp\/v2\/users\/7"}],"replies":[{"embeddable":true,"href":"https:\/\/mithra.com.tr\/blog\/wp-json\/wp\/v2\/comments?post=4044"}],"version-history":[{"count":16,"href":"https:\/\/mithra.com.tr\/blog\/wp-json\/wp\/v2\/posts\/4044\/revisions"}],"predecessor-version":[{"id":4088,"href":"https:\/\/mithra.com.tr\/blog\/wp-json\/wp\/v2\/posts\/4044\/revisions\/4088"}],"wp:featuredmedia":[{"embeddable":true,"href":"https:\/\/mithra.com.tr\/blog\/wp-json\/wp\/v2\/media\/4065"}],"wp:attachment":[{"href":"https:\/\/mithra.com.tr\/blog\/wp-json\/wp\/v2\/media?parent=4044"}],"wp:term":[{"taxonomy":"category","embeddable":true,"href":"https:\/\/mithra.com.tr\/blog\/wp-json\/wp\/v2\/categories?post=4044"},{"taxonomy":"post_tag","embeddable":true,"href":"https:\/\/mithra.com.tr\/blog\/wp-json\/wp\/v2\/tags?post=4044"}],"curies":[{"name":"wp","href":"https:\/\/api.w.org\/{rel}","templated":true}]}}