{"id":3291,"date":"2021-07-28T11:15:04","date_gmt":"2021-07-28T11:15:04","guid":{"rendered":"https:\/\/mithra.coffee\/blog\/?p=3291"},"modified":"2023-04-20T08:11:35","modified_gmt":"2023-04-20T08:11:35","slug":"cortado-kahve-nedir-evde-cortado-yapimi","status":"publish","type":"post","link":"https:\/\/mithra.com.tr\/blog\/cortado-kahve-nedir-evde-cortado-yapimi\/","title":{"rendered":"Cortado Kahve Nedir? Evde Cortado Yap\u0131m\u0131"},"content":{"rendered":"\n<p>Kahve k\u00fclt\u00fcr\u00fcn\u00fcn geli\u015fti\u011fi \u015fu g\u00fcnlerde farkl\u0131 farkl\u0131 isimlerle pek \u00e7ok kahve \u00e7e\u015fidini tan\u0131yoruz. <strong>Cortado<\/strong> <strong>kahve<\/strong> de bu kahve \u00e7e\u015fitlerinden biri.<\/p>\n\n\n\n<p>Peki ama cortado nedir ve cortadoyu \u00f6zel k\u0131lan nedir? Bu i\u00e7eri\u011fimizde siz kahvesever okurlar\u0131m\u0131z i\u00e7in bu \u00f6zel lezzeti ele ald\u0131k. \u015eimdiden keyifli okumalar dileriz.<\/p>\n\n\n\n<p>Bir kahvesever i\u00e7in kahve, sabah kahvalt\u0131s\u0131ndan \u00f6nce gelir. Kalkar kalkmaz bir fincan kahve demler. Kahvenin verdi\u011fi o keyif ve zindelikle g\u00fcn i\u00e7erisinde daha mutlu ve enerjik olur.<\/p>\n\n\n\n<p>G\u00fcn i\u00e7inde de en yorgun oldu\u011fu zamanlarda bir fincan kahvenin kokusuna s\u0131\u011f\u0131n\u0131r. Daha kahveden bir yudum almadan kokusuyla bile mutlu ve enerjik hisseder. Biz kahveseverler tam olarak b\u00f6yleyiz, ya siz?<\/p>\n\n\n\n<p>E\u011fer siz de kahve olmadan ya\u015fayamayanlardansan\u0131z size m\u00fcthi\u015f bir \u00f6nerimiz var. D\u00fcnyan\u0131n en se\u00e7kin ve en nitelikli kahvelerinin adresi olan <a href=\"https:\/\/mithra.coffee\/\" target=\"_blank\" rel=\"noreferrer noopener\">Mithra Coffee &amp; Tea Co.<\/a>&#8216;da arad\u0131\u011f\u0131n\u0131z her lezzet var.<\/p>\n\n\n\n<p>Mithra Coffee &amp; Tea Co. \u00e7ekirdek kahveden espressoya, filtre kahveden T\u00fcrk kahvesine kadar geni\u015f \u00fcr\u00fcn \u00e7e\u015fitlili\u011fiyle <a href=\"https:\/\/mithra.coffee\/kahve\/\" target=\"_blank\" rel=\"noreferrer noopener\">nitelikli kahveleri<\/a> aya\u011f\u0131n\u0131za getiriyor.<\/p>\n\n\n\n<p>D\u0131\u015far\u0131da tatt\u0131\u011f\u0131n\u0131z o benzersiz lezzetleri evinizin rahatl\u0131\u011f\u0131nda tatma imkan\u0131 veriyor. \u00dcstelik \u00e7ok daha uygun fiyatlarla t\u00fcketebilmeniz i\u00e7in harika f\u0131rsatlar sunuyor.<\/p>\n\n\n\n<p>Mithra Coffee &amp; Tea Co. Brezilya&#8217;dan, Kosta Rika&#8217;dan, Guatemala&#8217;dan, Kolombiya&#8217;dan, Tanzanya&#8217;dan, Etiyopya&#8217;dan ve d\u00fcnyan\u0131n pek \u00e7ok yerinden se\u00e7ilen kahve \u00e7ekirdekleri \u00f6zenle haz\u0131rl\u0131yor.<\/p>\n\n\n\n<p>K\u0131sacas\u0131 evinizin rahatl\u0131\u011f\u0131nda bir bardak kahveye \u00e7ok da para d\u00f6kmeden nefis aromalar tadabilirsiniz. \u00d6yleyse Mithra Coffee kahveleriyle evinizde lezzetli mi lezzetli bir fincan cortado haz\u0131rlaman\u0131z i\u00e7in cortadoyu tan\u0131yal\u0131m.<\/p>\n\n\n\n<h2 id=\"cortado-nedir\" class=\"wp-block-heading\">Cortado Nedir?<\/h2>\n\n\n\n<figure class=\"wp-block-image size-large\"><img loading=\"lazy\" decoding=\"async\" width=\"1024\" height=\"600\" src=\"https:\/\/mithra.coffee\/blog\/wp-content\/uploads\/2021\/06\/cortado-nedir.jpg\" alt=\"cortado-nedir\" class=\"wp-image-3295\" srcset=\"https:\/\/mithra.com.tr\/blog\/wp-content\/uploads\/2021\/06\/cortado-nedir.jpg 1024w, https:\/\/mithra.com.tr\/blog\/wp-content\/uploads\/2021\/06\/cortado-nedir-800x469.jpg 800w, https:\/\/mithra.com.tr\/blog\/wp-content\/uploads\/2021\/06\/cortado-nedir-380x223.jpg 380w\" sizes=\"(max-width: 1024px) 100vw, 1024px\" \/><\/figure>\n\n\n\n<p>Cortado kahve, espresso bazl\u0131 bir kahve \u00e7e\u015fididir. Genel itibar\u0131yla espresso bazl\u0131 kahvelerin pek \u00e7o\u011fu \u0130talyan k\u00f6kenlidir. Fakat cortadoda durum biraz daha farkl\u0131.<\/p>\n\n\n\n<p>Cortado ilk kez \u0130spanya&#8217;n\u0131n Bask \u015fehrinde ortaya \u00e7\u0131kt\u0131. \u0130spanyollara ait bu lezzet daha sonra \u00fclke s\u0131n\u0131rlar\u0131n\u0131 a\u015ft\u0131. Cortado kahve bug\u00fcn d\u00fcnyan\u0131n pek \u00e7ok \u00fclkesinde t\u00fcketiliyor.<\/p>\n\n\n\n<p>Cortado kelimesi ise \u0130spanyolca k\u00f6kenli bir kelime. \u0130spanyolca&#8217;da cortar yani kesmek anlam\u0131na gelen fiilin ge\u00e7mi\u015f zaman ekiyle \u00e7ekimlenmi\u015f \u015feklidir. \u0130spanyollar\u0131n cortado kahveye bu ismi vermesinin sebebi ise s\u00fct\u00fcn kahveyi kesmesidir.<\/p>\n\n\n\n<p>S\u00fct, ac\u0131mt\u0131rak ve yo\u011fun espresso lezzetini hafifletir. B\u00f6ylece s\u00fctl\u00fc kahvede yo\u011fun kahve lezzetinden ho\u015flananlar\u0131n damak tad\u0131na uygun bir kahve do\u011far.<\/p>\n\n\n\n<h3 id=\"cortado-kahvenin-latte-ve-cappuccinodan-farki\" class=\"wp-block-heading\">Cortado Kahvenin Latte ve Cappuccinodan Fark\u0131<\/h3>\n\n\n\n<p>Bu \u00fc\u00e7 kahve \u00e7e\u015fidi de espresso bazl\u0131 kahvelerdir. Ancak bu kahveleri birbirinden ayran \u00f6nemli bir nokta var. Bu da kullan\u0131lan s\u00fct ve s\u00fct k\u00f6p\u00fc\u011f\u00fc miktar\u0131.<\/p>\n\n\n\n<p>Cortado yo\u011fun kahve tad\u0131 ve krema k\u0131vam\u0131ndaki s\u00fct ile haz\u0131rlanmas\u0131 sebebiyle bu iki kahve \u00e7e\u015fidinden ayr\u0131lmaktad\u0131r. \u00c7\u00fcnk\u00fc cortado bu iki kahveye nazaran daha az s\u00fct ve k\u00f6p\u00fck i\u00e7erir.<\/p>\n\n\n\n<h3 id=\"cortado-kahve-nasil-tuketilir\" class=\"wp-block-heading\">Cortado Kahve Nas\u0131l T\u00fcketilir?<\/h3>\n\n\n\n<p>\u0130spanyal\u0131lar\u0131n d\u00fcnyaya tan\u0131tt\u0131\u011f\u0131 bu lezzetin de kendine \u00f6zel bir sunumu ve t\u00fcketim \u015fekli bulunmaktad\u0131r. Nas\u0131l ki cappuccino genel itibariyle kahvalt\u0131da t\u00fcketiliyorsa cortado da belli yiyeyecekler e\u015fli\u011finde t\u00fcketilmektedir.<\/p>\n\n\n\n<p>Cortado genel itibariyle tatl\u0131 e\u015fli\u011finde t\u00fcketilen bir kahve \u00e7e\u015fididir. Di\u011fer taraftan bu kahve \u00e7e\u015fidi hamur i\u015flerinin yan\u0131nda da t\u00fcketilmektedir. Ancak tabii ki siz diledi\u011finiz \u015fekilde t\u00fcketebilirsiniz.<\/p>\n\n\n\n<h4 id=\"cortado-nasil-icilir\" class=\"wp-block-heading\">Cortado Nas\u0131l \u0130\u00e7ilir?<\/h4>\n\n\n\n<p>Bu kahveyi t\u00fcketirken i\u00e7ine tatland\u0131r\u0131c\u0131 malzemeler ekleyebilirsiniz. Ancak tatl\u0131 yan\u0131nda t\u00fcketecekseniz herhangi bir tatland\u0131r\u0131c\u0131 kullanman\u0131z\u0131 tavsiye ederiz. Di\u011fer taraftan hamur i\u015fini kahvenin o nefis k\u00f6p\u00fc\u011f\u00fcne bat\u0131rarak da i\u00e7ebilirsiniz.<\/p>\n\n\n\n<h2 id=\"evde-kolaylikla-hazirlayabileceginiz-cortado-tarifi\" class=\"wp-block-heading\">Evde Kolayl\u0131kla Haz\u0131rlayabilece\u011finiz Cortado Tarifi<\/h2>\n\n\n\n<figure class=\"wp-block-image size-large\"><img loading=\"lazy\" decoding=\"async\" width=\"1024\" height=\"600\" src=\"https:\/\/mithra.coffee\/blog\/wp-content\/uploads\/2021\/06\/evde-cortado-tarifi.jpg\" alt=\"evde-cortado-tarifi\" class=\"wp-image-3296\" srcset=\"https:\/\/mithra.com.tr\/blog\/wp-content\/uploads\/2021\/06\/evde-cortado-tarifi.jpg 1024w, https:\/\/mithra.com.tr\/blog\/wp-content\/uploads\/2021\/06\/evde-cortado-tarifi-800x469.jpg 800w, https:\/\/mithra.com.tr\/blog\/wp-content\/uploads\/2021\/06\/evde-cortado-tarifi-380x223.jpg 380w\" sizes=\"(max-width: 1024px) 100vw, 1024px\" \/><\/figure>\n\n\n\n<p>Evde me\u015fhur \u0130spanyol kahvesinin tad\u0131n\u0131 \u00e7\u0131karmak i\u00e7in yapman\u0131z gerekenler \u00e7ok basit. Bunun i\u00e7in ihtiyac\u0131n\u0131z olan espresso kahve, s\u00fct, cam bardak, espresso kahve demleme ekipman\u0131 ve s\u00fct k\u00f6p\u00fcrt\u00fcc\u00fc.<\/p>\n\n\n\n<p>Cam bardak kullanman\u0131z elbette zaruri de\u011fil. Bizim cam bardak \u00f6nermemizin sebebi cortado kahvenin sunumunda bu barda\u011f\u0131n kullan\u0131l\u0131yor olmas\u0131. Siz dilerseniz herhangi bir kupada ya da fincanda haz\u0131rlayabilirsiniz.<\/p>\n\n\n\n<p>E\u011fer espresso haz\u0131rlama ile ilgili i\u00e7eri\u011fimizi okumad\u0131ysan\u0131z &#8220;<a href=\"https:\/\/mithra.coffee\/blog\/espresso-kahve-nedir\/\" target=\"_blank\" rel=\"noreferrer noopener\">Espresso Kahve Nedir?<\/a>&#8221; ba\u015fl\u0131kl\u0131 yaz\u0131m\u0131z\u0131 okuyabilirsiniz. Bu i\u00e7eri\u011fimizde hem makineyle hem de moka potla espresso haz\u0131rlaman\u0131n p\u00fcf noktalar\u0131na yer verdik.<\/p>\n\n\n\n<p>Fakat cortado kahve genellikle double shot epresso ile haz\u0131rlan\u0131r.<\/p>\n\n\n\n<h3 id=\"cortado-kahve-hazirlarken-dikkat-edilmesi-gerekenler\" class=\"wp-block-heading\">Cortado Kahve Haz\u0131rlarken Dikkat Edilmesi Gerekenler<\/h3>\n\n\n\n<ul>\n<li>Cortado kahve 1&#8217;e 1 oran\u0131 ile haz\u0131rlan\u0131r. Yani single shot espresso haz\u0131rlayacaksan\u0131z 30 ml s\u00fct kullanman\u0131z gerekir. E\u011fer double shot espresso ile haz\u0131rlayacaksan\u0131z da 60 ml s\u00fct kullanman\u0131z gerekir.<\/li>\n\n\n\n<li>Cortada haz\u0131rlarken dikkat etmeniz gereken di\u011fer bir nokta ise espresso \u00e7ekirdeklerinin kalitesi. Ald\u0131\u011f\u0131n\u0131z kahvenin kaliteli olmas\u0131na \u00f6zen g\u00f6stermelisiniz. Mithra Coffee&#8217;nin kaliteli \u00e7ekirdekleri aras\u0131ndan se\u00e7im yapabilirsiniz.<\/li>\n\n\n\n<li>Cortado haz\u0131rlarken s\u00fct\u00fcn s\u0131cakl\u0131\u011f\u0131n\u0131n 60-65\u00b0C olmas\u0131 olduk\u00e7a \u00f6nemli. E\u011fer bir \u0131s\u0131 \u00f6l\u00e7eriniz yoksa s\u00fct\u00fcn s\u0131cakl\u0131\u011f\u0131n\u0131 parma\u011f\u0131n\u0131zla da kontrol edebilirsiniz. Parma\u011f\u0131n\u0131z\u0131 s\u00fct\u00fcn i\u00e7inde 5-6 saniye bekletebiliyorsan\u0131z ideal s\u0131cakl\u0131\u011fa ula\u015fm\u0131\u015fs\u0131n\u0131z demektir. <\/li>\n\n\n\n<li>S\u00fct\u00fc \u00e7ok fazla k\u00f6p\u00fcrtmemelisiniz. \u00c7\u00fcnk\u00fc cortado kahvede s\u00fct\u00fcn kremams\u0131 bir k\u0131vama kavu\u015fmas\u0131 gerekir.<\/li>\n<\/ul>\n\n\n\n<p>Cortado kahvenin yap\u0131m\u0131na dair ipu\u00e7lar\u0131 bu \u015fekilde. Bunlara dikkat ederek harika ve lezzetli bir sunum haz\u0131rlayabilirsiniz.<\/p>\n\n\n\n<p><strong>Cortado Kahve Yap\u0131l\u0131\u015f\u0131:<\/strong><\/p>\n\n\n\n<ul>\n<li><strong>Birinci Ad\u0131m:<\/strong> \u00d6ncelikle double shot espressoyu haz\u0131rlay\u0131n.<\/li>\n\n\n\n<li><strong>\u0130kinci Ad\u0131m:<\/strong> 60 ml s\u00fct\u00fc bir cezvede \u0131s\u0131t\u0131n. Fakat s\u00fct\u00fcn kaynamamas\u0131na dikkat edin.<\/li>\n\n\n\n<li><strong>\u00dc\u00e7\u00fcnc\u00fc Ad\u0131m:<\/strong> Is\u0131tt\u0131\u011f\u0131n\u0131z s\u00fct\u00fc <a href=\"https:\/\/mithra.coffee\/blog\/sut-kopurtucu-nasil-kullanilir\/\" target=\"_blank\" rel=\"noreferrer noopener\">s\u00fct k\u00f6p\u00fcrt\u00fcc\u00fc<\/a> yard\u0131m\u0131yla kremams\u0131 bir k\u0131vama gelene kadar k\u00f6p\u00fcrt\u00fcn. Bu i\u015flemde French press kullanabilirsiniz. <\/li>\n\n\n\n<li><strong>D\u00f6rd\u00fcnc\u00fc Ad\u0131m:<\/strong> Ard\u0131ndan k\u00f6p\u00fcrtt\u00fc\u011f\u00fcn\u00fcz s\u00fct\u00fc ba\u015fka bir kaba bo\u015falt\u0131n. Bo\u015faltt\u0131\u011f\u0131n\u0131z kab\u0131 hafif sallay\u0131n ve taban\u0131n\u0131 birka\u00e7 kez hafif\u00e7e tezgaha vurun. Bu i\u015flem s\u00fct\u00fcn daha kremams\u0131 bir yap\u0131ya sahip olmas\u0131n\u0131 sa\u011flayacakt\u0131r.<\/li>\n\n\n\n<li><strong>Be\u015finci Ad\u0131m:<\/strong> Cam barda\u011fa ald\u0131\u011f\u0131n\u0131z espressonun \u00fczerini s\u00fct\u00fc yava\u015f yava\u015f ilave edin. Ve son olarak servis edin!<\/li>\n<\/ul>\n\n\n\n<p>Afiyet olsun!<\/p>\n\n\n\n<h2 id=\"cortado-bardagi-nasil-olmali\" class=\"wp-block-heading\">Cortado Barda\u011f\u0131 Nas\u0131l Olmal\u0131?<\/h2>\n\n\n\n<figure class=\"wp-block-image size-large\"><img loading=\"lazy\" decoding=\"async\" width=\"1024\" height=\"600\" src=\"https:\/\/mithra.coffee\/blog\/wp-content\/uploads\/2021\/06\/cortado-bardagi-nasil-olmali.jpg\" alt=\"cortado-bardagi-nasil-olmali\" class=\"wp-image-3293\" srcset=\"https:\/\/mithra.com.tr\/blog\/wp-content\/uploads\/2021\/06\/cortado-bardagi-nasil-olmali.jpg 1024w, https:\/\/mithra.com.tr\/blog\/wp-content\/uploads\/2021\/06\/cortado-bardagi-nasil-olmali-800x469.jpg 800w, https:\/\/mithra.com.tr\/blog\/wp-content\/uploads\/2021\/06\/cortado-bardagi-nasil-olmali-380x223.jpg 380w\" sizes=\"(max-width: 1024px) 100vw, 1024px\" \/><\/figure>\n\n\n\n<p>Geleneksel cortado servis barda\u011f\u0131na Gibraltar ismi verilir. Gibraltar Avrupa dillerinde Cebelitar\u0131k&#8217;a verilen isimdir. Cortado \u0130spanya&#8217;da ve d\u00fcnyan\u0131n pek \u00e7ok yerinde bu bardak ile servis edilir.<\/p>\n\n\n\n<p>Cortado kahve genellikle double shot espresso ile haz\u0131rlan\u0131r demi\u015ftik. Double shot espresso da 60 ml&#8217;e denk gelir. Dolay\u0131s\u0131yla normal \u00f6l\u00e7\u00fclerde cortado haz\u0131rlamak istiyorsan\u0131z toplamda 120 ml hacme sahip bir bardak kullanmal\u0131s\u0131n\u0131z. <\/p>\n\n\n\n<p>Ayr\u0131ca cortado kahvenin servisinde cam bardak kullan\u0131lmas\u0131n\u0131n \u00f6nemli bir sebebi var. Bu kahve \u00e7e\u015fidinde s\u00fct\u00fcn ve espressonun birle\u015fimiyle ho\u015f bir g\u00f6r\u00fcn\u00fcm elde edilir. Bu g\u00f6r\u00fcn\u00fcm de kahvenin sunumuna g\u00fczel bir hava katar. <\/p>\n\n\n\n<p>Siz de evde cortado kahvenizi haval\u0131 bir sunumla sunmak istiyorsan\u0131z cam bardak kullanman\u0131z\u0131 tavsiye ederiz. \u00d6zellikle son zamanlarda piyasaya s\u00fcr\u00fclen kahve bardaklar\u0131 son derece \u015f\u0131k. <\/p>\n\n\n\n<p>\u0130nternette pek \u00e7ok sitede bu bardaklardan bulabilirsiniz. Genellikle ikili sat\u0131l\u0131yorlar ve fiyatlar\u0131 \u00e7ok da uygun de\u011fil. Fakat iyi bir piyasa ara\u015ft\u0131rmas\u0131 ve fiyat kar\u015f\u0131la\u015ft\u0131rmas\u0131 yaparak en ucuzu bulaca\u011f\u0131n\u0131za eminiz.<\/p>\n\n\n\n<p>E\u011fer evinizde cortado kahve tarifini denerseniz bizimle payla\u015fmay\u0131 unutmay\u0131n. Instagram&#8217;da #<a href=\"https:\/\/www.instagram.com\/mithra.coffee\/\" target=\"_blank\" rel=\"noreferrer noopener\">mithracoffee<\/a> etiketiyle payla\u015f\u0131rsan\u0131z yapt\u0131\u011f\u0131n\u0131z leziz payla\u015f\u0131mlar\u0131 biz de g\u00f6rebiliriz.<\/p>\n\n\n\n<p>Kahve tad\u0131nda keyif dolu bir g\u00fcn ge\u00e7irmenizi dileriz.<\/p>\n","protected":false},"excerpt":{"rendered":"Kahve k\u00fclt\u00fcr\u00fcn\u00fcn geli\u015fti\u011fi \u015fu g\u00fcnlerde farkl\u0131 farkl\u0131 isimlerle pek \u00e7ok kahve \u00e7e\u015fidini tan\u0131yoruz. Cortado kahve de bu kahve&hellip;\n","protected":false},"author":4,"featured_media":3294,"comment_status":"open","ping_status":"open","sticky":false,"template":"","format":"standard","meta":{"footnotes":""},"categories":[21,13,18],"tags":[],"yoast_head":"<!-- This site is optimized with the Yoast SEO plugin v22.5 - https:\/\/yoast.com\/wordpress\/plugins\/seo\/ -->\n<title>Cortado Kahve Nedir? Evde Cortado Yap\u0131m\u0131 - Mithra Coffee &amp; Tea Co.<\/title>\n<meta name=\"description\" content=\"\u0130spanya k\u00f6kenli, d\u00fcnyaca \u00fcnl\u00fc cortado kahve nedir ve evde nas\u0131l haz\u0131rlan\u0131r diye merak ediyorsan\u0131z size dopdolu bir i\u00e7erik haz\u0131rlad\u0131k.\" \/>\n<meta name=\"robots\" content=\"index, follow, max-snippet:-1, max-image-preview:large, max-video-preview:-1\" \/>\n<link rel=\"canonical\" href=\"https:\/\/mithra.com.tr\/blog\/cortado-kahve-nedir-evde-cortado-yapimi\/\" \/>\n<meta property=\"og:locale\" content=\"tr_TR\" \/>\n<meta property=\"og:type\" content=\"article\" \/>\n<meta property=\"og:title\" content=\"Cortado Kahve Nedir? Evde Cortado Yap\u0131m\u0131 - Mithra Coffee &amp; Tea Co.\" \/>\n<meta property=\"og:description\" content=\"\u0130spanya k\u00f6kenli, d\u00fcnyaca \u00fcnl\u00fc cortado kahve nedir ve evde nas\u0131l haz\u0131rlan\u0131r diye merak ediyorsan\u0131z size dopdolu bir i\u00e7erik haz\u0131rlad\u0131k.\" \/>\n<meta property=\"og:url\" content=\"https:\/\/mithra.com.tr\/blog\/cortado-kahve-nedir-evde-cortado-yapimi\/\" \/>\n<meta property=\"og:site_name\" content=\"Mithra Coffee &amp; Tea Co.\" \/>\n<meta property=\"article:published_time\" content=\"2021-07-28T11:15:04+00:00\" \/>\n<meta property=\"article:modified_time\" content=\"2023-04-20T08:11:35+00:00\" \/>\n<meta property=\"og:image\" content=\"https:\/\/mithra.com.tr\/blog\/wp-content\/uploads\/2021\/06\/cortado-kahve-nedir-evde-cortado-yapimi.jpg\" \/>\n\t<meta property=\"og:image:width\" content=\"1024\" \/>\n\t<meta property=\"og:image:height\" content=\"600\" \/>\n\t<meta property=\"og:image:type\" content=\"image\/jpeg\" \/>\n<meta name=\"author\" content=\"Deniz Kaba\" \/>\n<meta name=\"twitter:card\" content=\"summary_large_image\" \/>\n<meta name=\"twitter:label1\" content=\"Yazan:\" \/>\n\t<meta name=\"twitter:data1\" content=\"Deniz Kaba\" \/>\n\t<meta name=\"twitter:label2\" content=\"Tahmini okuma s\u00fcresi\" \/>\n\t<meta name=\"twitter:data2\" content=\"4 dakika\" \/>\n<script type=\"application\/ld+json\" class=\"yoast-schema-graph\">{\"@context\":\"https:\/\/schema.org\",\"@graph\":[{\"@type\":\"Article\",\"@id\":\"https:\/\/mithra.com.tr\/blog\/cortado-kahve-nedir-evde-cortado-yapimi\/#article\",\"isPartOf\":{\"@id\":\"https:\/\/mithra.com.tr\/blog\/cortado-kahve-nedir-evde-cortado-yapimi\/\"},\"author\":{\"name\":\"Deniz Kaba\",\"@id\":\"https:\/\/mithra.com.tr\/blog\/#\/schema\/person\/59f2381106dce8eb118f9ca7c694329b\",\"url\":\"https:\/\/muhiku.com\/blog\/\"},\"headline\":\"Cortado Kahve Nedir? Evde Cortado Yap\u0131m\u0131\",\"datePublished\":\"2021-07-28T11:15:04+00:00\",\"dateModified\":\"2023-04-20T08:11:35+00:00\",\"mainEntityOfPage\":{\"@id\":\"https:\/\/mithra.com.tr\/blog\/cortado-kahve-nedir-evde-cortado-yapimi\/\"},\"wordCount\":1322,\"commentCount\":0,\"publisher\":{\"@id\":\"https:\/\/mithra.com.tr\/blog\/#organization\"},\"image\":{\"@id\":\"https:\/\/mithra.com.tr\/blog\/cortado-kahve-nedir-evde-cortado-yapimi\/#primaryimage\"},\"thumbnailUrl\":\"https:\/\/mithra.com.tr\/blog\/wp-content\/uploads\/2021\/06\/cortado-kahve-nedir-evde-cortado-yapimi.jpg\",\"articleSection\":[\"Damak Tad\u0131na G\u00f6re \u00d6neriler\",\"Kahve \u00c7e\u015fitleri\",\"Kahve Tarifleri\"],\"inLanguage\":\"tr\",\"potentialAction\":[{\"@type\":\"CommentAction\",\"name\":\"Comment\",\"target\":[\"https:\/\/mithra.com.tr\/blog\/cortado-kahve-nedir-evde-cortado-yapimi\/#respond\"]}]},{\"@type\":\"WebPage\",\"@id\":\"https:\/\/mithra.com.tr\/blog\/cortado-kahve-nedir-evde-cortado-yapimi\/\",\"url\":\"https:\/\/mithra.com.tr\/blog\/cortado-kahve-nedir-evde-cortado-yapimi\/\",\"name\":\"Cortado Kahve Nedir? Evde Cortado Yap\u0131m\u0131 - Mithra Coffee &amp; Tea Co.\",\"isPartOf\":{\"@id\":\"https:\/\/mithra.com.tr\/blog\/#website\"},\"primaryImageOfPage\":{\"@id\":\"https:\/\/mithra.com.tr\/blog\/cortado-kahve-nedir-evde-cortado-yapimi\/#primaryimage\"},\"image\":{\"@id\":\"https:\/\/mithra.com.tr\/blog\/cortado-kahve-nedir-evde-cortado-yapimi\/#primaryimage\"},\"thumbnailUrl\":\"https:\/\/mithra.com.tr\/blog\/wp-content\/uploads\/2021\/06\/cortado-kahve-nedir-evde-cortado-yapimi.jpg\",\"datePublished\":\"2021-07-28T11:15:04+00:00\",\"dateModified\":\"2023-04-20T08:11:35+00:00\",\"description\":\"\u0130spanya k\u00f6kenli, d\u00fcnyaca \u00fcnl\u00fc cortado kahve nedir ve evde nas\u0131l haz\u0131rlan\u0131r diye merak ediyorsan\u0131z size dopdolu bir i\u00e7erik haz\u0131rlad\u0131k.\",\"inLanguage\":\"tr\",\"potentialAction\":[{\"@type\":\"ReadAction\",\"target\":[\"https:\/\/mithra.com.tr\/blog\/cortado-kahve-nedir-evde-cortado-yapimi\/\"]}]},{\"@type\":\"ImageObject\",\"inLanguage\":\"tr\",\"@id\":\"https:\/\/mithra.com.tr\/blog\/cortado-kahve-nedir-evde-cortado-yapimi\/#primaryimage\",\"url\":\"https:\/\/mithra.com.tr\/blog\/wp-content\/uploads\/2021\/06\/cortado-kahve-nedir-evde-cortado-yapimi.jpg\",\"contentUrl\":\"https:\/\/mithra.com.tr\/blog\/wp-content\/uploads\/2021\/06\/cortado-kahve-nedir-evde-cortado-yapimi.jpg\",\"width\":1024,\"height\":600,\"caption\":\"cortado-kahve-nedir-evde-cortado-yapimi\"},{\"@type\":\"WebSite\",\"@id\":\"https:\/\/mithra.com.tr\/blog\/#website\",\"url\":\"https:\/\/mithra.com.tr\/blog\/\",\"name\":\"Mithra Coffee &amp; Tea Co.\",\"description\":\"Zengin aromal\u0131 egzotik kahveler \u00e7iftlikten kap\u0131n\u0131za!\",\"publisher\":{\"@id\":\"https:\/\/mithra.com.tr\/blog\/#organization\"},\"inLanguage\":\"tr\"},{\"@type\":\"Organization\",\"@id\":\"https:\/\/mithra.com.tr\/blog\/#organization\",\"name\":\"Mithra Coffee &amp; Tea Co.\",\"url\":\"https:\/\/mithra.com.tr\/blog\/\",\"logo\":{\"@type\":\"ImageObject\",\"inLanguage\":\"tr\",\"@id\":\"https:\/\/mithra.com.tr\/blog\/#\/schema\/logo\/image\/\",\"url\":\"https:\/\/mithra.coffee\/blog\/wp-content\/uploads\/2020\/08\/mithra-logo-kare.png\",\"contentUrl\":\"https:\/\/mithra.coffee\/blog\/wp-content\/uploads\/2020\/08\/mithra-logo-kare.png\",\"width\":632,\"height\":632,\"caption\":\"Mithra Coffee &amp; Tea Co.\"},\"image\":{\"@id\":\"https:\/\/mithra.com.tr\/blog\/#\/schema\/logo\/image\/\"}},{\"@type\":\"Person\",\"@id\":\"https:\/\/mithra.com.tr\/blog\/#\/schema\/person\/59f2381106dce8eb118f9ca7c694329b\",\"name\":\"Deniz Kaba\",\"image\":{\"@type\":\"ImageObject\",\"inLanguage\":\"tr\",\"@id\":\"https:\/\/mithra.com.tr\/blog\/#\/schema\/person\/image\/\",\"url\":\"https:\/\/secure.gravatar.com\/avatar\/dad5c408378a19d2b0952d20b8a9c068?s=96&d=mm&r=g\",\"contentUrl\":\"https:\/\/secure.gravatar.com\/avatar\/dad5c408378a19d2b0952d20b8a9c068?s=96&d=mm&r=g\",\"caption\":\"Deniz Kaba\"}}]}<\/script>\n<!-- \/ Yoast SEO plugin. -->","yoast_head_json":{"title":"Cortado Kahve Nedir? Evde Cortado Yap\u0131m\u0131 - Mithra Coffee &amp; Tea Co.","description":"\u0130spanya k\u00f6kenli, d\u00fcnyaca \u00fcnl\u00fc cortado kahve nedir ve evde nas\u0131l haz\u0131rlan\u0131r diye merak ediyorsan\u0131z size dopdolu bir i\u00e7erik haz\u0131rlad\u0131k.","robots":{"index":"index","follow":"follow","max-snippet":"max-snippet:-1","max-image-preview":"max-image-preview:large","max-video-preview":"max-video-preview:-1"},"canonical":"https:\/\/mithra.com.tr\/blog\/cortado-kahve-nedir-evde-cortado-yapimi\/","og_locale":"tr_TR","og_type":"article","og_title":"Cortado Kahve Nedir? Evde Cortado Yap\u0131m\u0131 - Mithra Coffee &amp; Tea Co.","og_description":"\u0130spanya k\u00f6kenli, d\u00fcnyaca \u00fcnl\u00fc cortado kahve nedir ve evde nas\u0131l haz\u0131rlan\u0131r diye merak ediyorsan\u0131z size dopdolu bir i\u00e7erik haz\u0131rlad\u0131k.","og_url":"https:\/\/mithra.com.tr\/blog\/cortado-kahve-nedir-evde-cortado-yapimi\/","og_site_name":"Mithra Coffee &amp; Tea Co.","article_published_time":"2021-07-28T11:15:04+00:00","article_modified_time":"2023-04-20T08:11:35+00:00","og_image":[{"width":1024,"height":600,"url":"https:\/\/mithra.com.tr\/blog\/wp-content\/uploads\/2021\/06\/cortado-kahve-nedir-evde-cortado-yapimi.jpg","type":"image\/jpeg"}],"author":"Deniz Kaba","twitter_card":"summary_large_image","twitter_misc":{"Yazan:":"Deniz Kaba","Tahmini okuma s\u00fcresi":"4 dakika"},"schema":{"@context":"https:\/\/schema.org","@graph":[{"@type":"Article","@id":"https:\/\/mithra.com.tr\/blog\/cortado-kahve-nedir-evde-cortado-yapimi\/#article","isPartOf":{"@id":"https:\/\/mithra.com.tr\/blog\/cortado-kahve-nedir-evde-cortado-yapimi\/"},"author":{"name":"Deniz Kaba","@id":"https:\/\/mithra.com.tr\/blog\/#\/schema\/person\/59f2381106dce8eb118f9ca7c694329b","url":"https:\/\/muhiku.com\/blog\/"},"headline":"Cortado Kahve Nedir? Evde Cortado Yap\u0131m\u0131","datePublished":"2021-07-28T11:15:04+00:00","dateModified":"2023-04-20T08:11:35+00:00","mainEntityOfPage":{"@id":"https:\/\/mithra.com.tr\/blog\/cortado-kahve-nedir-evde-cortado-yapimi\/"},"wordCount":1322,"commentCount":0,"publisher":{"@id":"https:\/\/mithra.com.tr\/blog\/#organization"},"image":{"@id":"https:\/\/mithra.com.tr\/blog\/cortado-kahve-nedir-evde-cortado-yapimi\/#primaryimage"},"thumbnailUrl":"https:\/\/mithra.com.tr\/blog\/wp-content\/uploads\/2021\/06\/cortado-kahve-nedir-evde-cortado-yapimi.jpg","articleSection":["Damak Tad\u0131na G\u00f6re \u00d6neriler","Kahve \u00c7e\u015fitleri","Kahve Tarifleri"],"inLanguage":"tr","potentialAction":[{"@type":"CommentAction","name":"Comment","target":["https:\/\/mithra.com.tr\/blog\/cortado-kahve-nedir-evde-cortado-yapimi\/#respond"]}]},{"@type":"WebPage","@id":"https:\/\/mithra.com.tr\/blog\/cortado-kahve-nedir-evde-cortado-yapimi\/","url":"https:\/\/mithra.com.tr\/blog\/cortado-kahve-nedir-evde-cortado-yapimi\/","name":"Cortado Kahve Nedir? Evde Cortado Yap\u0131m\u0131 - Mithra Coffee &amp; Tea Co.","isPartOf":{"@id":"https:\/\/mithra.com.tr\/blog\/#website"},"primaryImageOfPage":{"@id":"https:\/\/mithra.com.tr\/blog\/cortado-kahve-nedir-evde-cortado-yapimi\/#primaryimage"},"image":{"@id":"https:\/\/mithra.com.tr\/blog\/cortado-kahve-nedir-evde-cortado-yapimi\/#primaryimage"},"thumbnailUrl":"https:\/\/mithra.com.tr\/blog\/wp-content\/uploads\/2021\/06\/cortado-kahve-nedir-evde-cortado-yapimi.jpg","datePublished":"2021-07-28T11:15:04+00:00","dateModified":"2023-04-20T08:11:35+00:00","description":"\u0130spanya k\u00f6kenli, d\u00fcnyaca \u00fcnl\u00fc cortado kahve nedir ve evde nas\u0131l haz\u0131rlan\u0131r diye merak ediyorsan\u0131z size dopdolu bir i\u00e7erik haz\u0131rlad\u0131k.","inLanguage":"tr","potentialAction":[{"@type":"ReadAction","target":["https:\/\/mithra.com.tr\/blog\/cortado-kahve-nedir-evde-cortado-yapimi\/"]}]},{"@type":"ImageObject","inLanguage":"tr","@id":"https:\/\/mithra.com.tr\/blog\/cortado-kahve-nedir-evde-cortado-yapimi\/#primaryimage","url":"https:\/\/mithra.com.tr\/blog\/wp-content\/uploads\/2021\/06\/cortado-kahve-nedir-evde-cortado-yapimi.jpg","contentUrl":"https:\/\/mithra.com.tr\/blog\/wp-content\/uploads\/2021\/06\/cortado-kahve-nedir-evde-cortado-yapimi.jpg","width":1024,"height":600,"caption":"cortado-kahve-nedir-evde-cortado-yapimi"},{"@type":"WebSite","@id":"https:\/\/mithra.com.tr\/blog\/#website","url":"https:\/\/mithra.com.tr\/blog\/","name":"Mithra Coffee &amp; Tea Co.","description":"Zengin aromal\u0131 egzotik kahveler \u00e7iftlikten kap\u0131n\u0131za!","publisher":{"@id":"https:\/\/mithra.com.tr\/blog\/#organization"},"inLanguage":"tr"},{"@type":"Organization","@id":"https:\/\/mithra.com.tr\/blog\/#organization","name":"Mithra Coffee &amp; Tea Co.","url":"https:\/\/mithra.com.tr\/blog\/","logo":{"@type":"ImageObject","inLanguage":"tr","@id":"https:\/\/mithra.com.tr\/blog\/#\/schema\/logo\/image\/","url":"https:\/\/mithra.coffee\/blog\/wp-content\/uploads\/2020\/08\/mithra-logo-kare.png","contentUrl":"https:\/\/mithra.coffee\/blog\/wp-content\/uploads\/2020\/08\/mithra-logo-kare.png","width":632,"height":632,"caption":"Mithra Coffee &amp; Tea Co."},"image":{"@id":"https:\/\/mithra.com.tr\/blog\/#\/schema\/logo\/image\/"}},{"@type":"Person","@id":"https:\/\/mithra.com.tr\/blog\/#\/schema\/person\/59f2381106dce8eb118f9ca7c694329b","name":"Deniz Kaba","image":{"@type":"ImageObject","inLanguage":"tr","@id":"https:\/\/mithra.com.tr\/blog\/#\/schema\/person\/image\/","url":"https:\/\/secure.gravatar.com\/avatar\/dad5c408378a19d2b0952d20b8a9c068?s=96&d=mm&r=g","contentUrl":"https:\/\/secure.gravatar.com\/avatar\/dad5c408378a19d2b0952d20b8a9c068?s=96&d=mm&r=g","caption":"Deniz Kaba"}}]}},"_links":{"self":[{"href":"https:\/\/mithra.com.tr\/blog\/wp-json\/wp\/v2\/posts\/3291"}],"collection":[{"href":"https:\/\/mithra.com.tr\/blog\/wp-json\/wp\/v2\/posts"}],"about":[{"href":"https:\/\/mithra.com.tr\/blog\/wp-json\/wp\/v2\/types\/post"}],"author":[{"embeddable":true,"href":"https:\/\/mithra.com.tr\/blog\/wp-json\/wp\/v2\/users\/4"}],"replies":[{"embeddable":true,"href":"https:\/\/mithra.com.tr\/blog\/wp-json\/wp\/v2\/comments?post=3291"}],"version-history":[{"count":6,"href":"https:\/\/mithra.com.tr\/blog\/wp-json\/wp\/v2\/posts\/3291\/revisions"}],"predecessor-version":[{"id":5631,"href":"https:\/\/mithra.com.tr\/blog\/wp-json\/wp\/v2\/posts\/3291\/revisions\/5631"}],"wp:featuredmedia":[{"embeddable":true,"href":"https:\/\/mithra.com.tr\/blog\/wp-json\/wp\/v2\/media\/3294"}],"wp:attachment":[{"href":"https:\/\/mithra.com.tr\/blog\/wp-json\/wp\/v2\/media?parent=3291"}],"wp:term":[{"taxonomy":"category","embeddable":true,"href":"https:\/\/mithra.com.tr\/blog\/wp-json\/wp\/v2\/categories?post=3291"},{"taxonomy":"post_tag","embeddable":true,"href":"https:\/\/mithra.com.tr\/blog\/wp-json\/wp\/v2\/tags?post=3291"}],"curies":[{"name":"wp","href":"https:\/\/api.w.org\/{rel}","templated":true}]}}